{"id":98,"date":"2011-10-13T15:17:33","date_gmt":"2011-10-13T19:17:33","guid":{"rendered":"http:\/\/gobiernoparroquialdechican.gob.ec\/azuay\/?p=98"},"modified":"2023-01-25T13:37:19","modified_gmt":"2023-01-25T17:37:19","slug":"historia","status":"publish","type":"post","link":"https:\/\/gobiernoparroquialdechican.gob.ec\/azuay\/historia\/","title":{"rendered":"HISTORIA."},"content":{"rendered":"<p style=\"text-align: center;\"><span style=\"font-size: 18pt;\"><strong><span style=\"color: #800000;\">ORIGEN DE LA PARROQUIA CHIC\u00c1N.<\/span><\/strong><\/span><\/p>\n<p style=\"text-align: left;\"><span style=\"color: #000000; font-size: 14pt;\">En la \u00c9poca Republicana, a fines del Siglo XIX y comienzos del XX se encontraba formando parte de la hacienda Zhumir, de propiedad de la Sra. Hortensia Mata. La mencionada se\u00f1ora, entrega estos terrenos por herencia a su hijo Carlos Ordo\u00f1ez , el mismo que vende a personas de distintos lugares el feudo denominado Copzhal de la parroquia Guillermo Ortega en el a\u00f1o de 1930.<\/span><\/p>\n<p>&nbsp;<\/p>\n<p style=\"text-align: left;\"><span style=\"color: #000000; font-size: 14pt;\">En el a\u00f1o de 1935, mediante Ordenanza Suprema, se crea la parroquia Guillermo Ortega, con informe favorable emitido por el Honorable Concejo Municipal de Paute. Luego de la creaci\u00f3n de la parroquia, los moradores de la parcialidad de Tutuc\u00e1n, no tomaron con inter\u00e9s y seriedad y nuevamente las oficinas de la Tenencia Pol\u00edtica y Registro Civil, se trasladaron a la jurisdicci\u00f3n de Uzhupud. En virtud de los manifestado y por encontrarse distante del Centro Parroquial y los anejos de Copzhal, Aguas Blancas, sus moradores deciden reunirse y solicitar de manera inmediata a la Ilustre Municipalidad, el cambio y traslado de estas dos instituciones al centro de la parcialidad de Chic\u00e1n, por encontrarse geogr\u00e1fica y demogr\u00e1ficamente en el centro de la referida parroquia.<\/span><\/p>\n<p>&nbsp;<\/p>\n<p style=\"text-align: left;\"><span style=\"color: #000000; font-size: 14pt;\">En sus inicios fue un caser\u00edo de Paute; posteriormente, y mediante acuerdo supremo del 19 de octubre del a\u00f1o 1.936 (fecha de parroquializacion), se crea la parroquia que llevar\u00e1 el nombre de \u201cGuillermo Ortega\u201d, bautizada as\u00ed, en recordaci\u00f3n a un paute\u00f1o ilustre, coronel y abogado, l\u00edder del movimiento c\u00edvico que logr\u00f3 la cantonizaci\u00f3n de Paute el 26 de febrero de 1.860. Fue el primer Jefe Pol\u00edtico de Paute en ese a\u00f1o. En la cuarta administraci\u00f3n del Dr. Jos\u00e9 Mar\u00eda Velasco Ibarra y por intermedio de su ministro de gobierno, el 18 de mayo del a\u00f1o 1.961, se aprueba el cambio de nombre de parroquia Guillermo Ortega por el de \u201cChic\u00e1n\u201d. La palabra \u201cChic\u00e1n\u201d pertenece al Ca\u00f1ari, su significado \u201cextra\u00f1o\u201d, \u201cdistinto\u201d, \u201cdiferente\u201d.<\/span><\/p>\n<p style=\"text-align: center;\"><span style=\"font-size: 14pt;\"><img fetchpriority=\"high\" decoding=\"async\" class=\"alignnone size-medium wp-image-1514\" src=\"https:\/\/gobiernoparroquialdechican.gob.ec\/azuay\/wp-content\/uploads\/2011\/10\/Imagen1-2-550x348.png\" alt=\"\" width=\"550\" height=\"348\" data-id=\"1514\" srcset=\"https:\/\/gobiernoparroquialdechican.gob.ec\/azuay\/wp-content\/uploads\/2011\/10\/Imagen1-2-550x348.png 550w, https:\/\/gobiernoparroquialdechican.gob.ec\/azuay\/wp-content\/uploads\/2011\/10\/Imagen1-2.png 650w\" sizes=\"(max-width: 550px) 100vw, 550px\" \/> <img decoding=\"async\" class=\"alignnone size-medium wp-image-1516\" src=\"https:\/\/gobiernoparroquialdechican.gob.ec\/azuay\/wp-content\/uploads\/2011\/10\/Imagen2-2-550x361.png\" alt=\"\" width=\"550\" height=\"361\" data-id=\"1516\" srcset=\"https:\/\/gobiernoparroquialdechican.gob.ec\/azuay\/wp-content\/uploads\/2011\/10\/Imagen2-2-550x361.png 550w, https:\/\/gobiernoparroquialdechican.gob.ec\/azuay\/wp-content\/uploads\/2011\/10\/Imagen2-2.png 645w\" sizes=\"(max-width: 550px) 100vw, 550px\" \/><\/span><\/p>\n<p style=\"text-align: center;\">\n","protected":false},"excerpt":{"rendered":"<p>ORIGEN DE LA PARROQUIA CHIC\u00c1N. En la \u00c9poca Republicana, a fines del Siglo XIX y comienzos del XX se encontraba formando parte de la hacienda Zhumir, de propiedad de la Sra. Hortensia Mata. La mencionada se\u00f1ora, entrega estos terrenos por herencia a su hijo Carlos Ordo\u00f1ez , el mismo que vende a personas de distintos [&hellip;]<\/p>\n","protected":false},"author":8,"featured_media":0,"comment_status":"closed","ping_status":"closed","sticky":false,"template":"","format":"standard","meta":{"footnotes":""},"categories":[1],"tags":[],"class_list":["post-98","post","type-post","status-publish","format-standard","hentry","category-sin-categoria"],"yoast_head":"<!-- This site is optimized with the Yoast SEO plugin v26.9 - https:\/\/yoast.com\/product\/yoast-seo-wordpress\/ -->\n<title>HISTORIA. - GAD parroquial Chic\u00e1n<\/title>\n<meta name=\"robots\" content=\"index, follow, max-snippet:-1, max-image-preview:large, max-video-preview:-1\" \/>\n<link rel=\"canonical\" href=\"https:\/\/gobiernoparroquialdechican.gob.ec\/azuay\/historia\/\" \/>\n<meta property=\"og:locale\" content=\"es_ES\" \/>\n<meta property=\"og:type\" content=\"article\" \/>\n<meta property=\"og:title\" content=\"HISTORIA. - GAD parroquial Chic\u00e1n\" \/>\n<meta property=\"og:description\" content=\"ORIGEN DE LA PARROQUIA CHIC\u00c1N. En la \u00c9poca Republicana, a fines del Siglo XIX y comienzos del XX se encontraba formando parte de la hacienda Zhumir, de propiedad de la Sra. Hortensia Mata. La mencionada se\u00f1ora, entrega estos terrenos por herencia a su hijo Carlos Ordo\u00f1ez , el mismo que vende a personas de distintos [&hellip;]\" \/>\n<meta property=\"og:url\" content=\"https:\/\/gobiernoparroquialdechican.gob.ec\/azuay\/historia\/\" \/>\n<meta property=\"og:site_name\" content=\"GAD parroquial Chic\u00e1n\" \/>\n<meta property=\"article:published_time\" content=\"2011-10-13T19:17:33+00:00\" \/>\n<meta property=\"article:modified_time\" content=\"2023-01-25T17:37:19+00:00\" \/>\n<meta property=\"og:image\" content=\"https:\/\/gobiernoparroquialdechican.gob.ec\/azuay\/wp-content\/uploads\/2011\/10\/Imagen1-2-550x348.png\" \/>\n<meta name=\"author\" content=\"agobiernoparroquialdechican\" \/>\n<meta name=\"twitter:card\" content=\"summary_large_image\" \/>\n<meta name=\"twitter:label1\" content=\"Escrito por\" \/>\n\t<meta name=\"twitter:data1\" content=\"agobiernoparroquialdechican\" \/>\n\t<meta name=\"twitter:label2\" content=\"Tiempo de lectura\" \/>\n\t<meta name=\"twitter:data2\" content=\"2 minutos\" \/>\n<script type=\"application\/ld+json\" class=\"yoast-schema-graph\">{\"@context\":\"https:\/\/schema.org\",\"@graph\":[{\"@type\":\"Article\",\"@id\":\"https:\/\/gobiernoparroquialdechican.gob.ec\/azuay\/historia\/#article\",\"isPartOf\":{\"@id\":\"https:\/\/gobiernoparroquialdechican.gob.ec\/azuay\/historia\/\"},\"author\":{\"name\":\"agobiernoparroquialdechican\",\"@id\":\"https:\/\/gobiernoparroquialdechican.gob.ec\/azuay\/#\/schema\/person\/37c2deda1690697df1d7791959a3a1a8\"},\"headline\":\"HISTORIA.\",\"datePublished\":\"2011-10-13T19:17:33+00:00\",\"dateModified\":\"2023-01-25T17:37:19+00:00\",\"mainEntityOfPage\":{\"@id\":\"https:\/\/gobiernoparroquialdechican.gob.ec\/azuay\/historia\/\"},\"wordCount\":336,\"image\":{\"@id\":\"https:\/\/gobiernoparroquialdechican.gob.ec\/azuay\/historia\/#primaryimage\"},\"thumbnailUrl\":\"https:\/\/gobiernoparroquialdechican.gob.ec\/azuay\/wp-content\/uploads\/2011\/10\/Imagen1-2-550x348.png\",\"inLanguage\":\"es\"},{\"@type\":\"WebPage\",\"@id\":\"https:\/\/gobiernoparroquialdechican.gob.ec\/azuay\/historia\/\",\"url\":\"https:\/\/gobiernoparroquialdechican.gob.ec\/azuay\/historia\/\",\"name\":\"HISTORIA. - GAD parroquial Chic\u00e1n\",\"isPartOf\":{\"@id\":\"https:\/\/gobiernoparroquialdechican.gob.ec\/azuay\/#website\"},\"primaryImageOfPage\":{\"@id\":\"https:\/\/gobiernoparroquialdechican.gob.ec\/azuay\/historia\/#primaryimage\"},\"image\":{\"@id\":\"https:\/\/gobiernoparroquialdechican.gob.ec\/azuay\/historia\/#primaryimage\"},\"thumbnailUrl\":\"https:\/\/gobiernoparroquialdechican.gob.ec\/azuay\/wp-content\/uploads\/2011\/10\/Imagen1-2-550x348.png\",\"datePublished\":\"2011-10-13T19:17:33+00:00\",\"dateModified\":\"2023-01-25T17:37:19+00:00\",\"author\":{\"@id\":\"https:\/\/gobiernoparroquialdechican.gob.ec\/azuay\/#\/schema\/person\/37c2deda1690697df1d7791959a3a1a8\"},\"breadcrumb\":{\"@id\":\"https:\/\/gobiernoparroquialdechican.gob.ec\/azuay\/historia\/#breadcrumb\"},\"inLanguage\":\"es\",\"potentialAction\":[{\"@type\":\"ReadAction\",\"target\":[\"https:\/\/gobiernoparroquialdechican.gob.ec\/azuay\/historia\/\"]}]},{\"@type\":\"ImageObject\",\"inLanguage\":\"es\",\"@id\":\"https:\/\/gobiernoparroquialdechican.gob.ec\/azuay\/historia\/#primaryimage\",\"url\":\"https:\/\/gobiernoparroquialdechican.gob.ec\/azuay\/wp-content\/uploads\/2011\/10\/Imagen1-2.png\",\"contentUrl\":\"https:\/\/gobiernoparroquialdechican.gob.ec\/azuay\/wp-content\/uploads\/2011\/10\/Imagen1-2.png\",\"width\":650,\"height\":411},{\"@type\":\"BreadcrumbList\",\"@id\":\"https:\/\/gobiernoparroquialdechican.gob.ec\/azuay\/historia\/#breadcrumb\",\"itemListElement\":[{\"@type\":\"ListItem\",\"position\":1,\"name\":\"Home\",\"item\":\"https:\/\/gobiernoparroquialdechican.gob.ec\/azuay\/\"},{\"@type\":\"ListItem\",\"position\":2,\"name\":\"HISTORIA.\"}]},{\"@type\":\"WebSite\",\"@id\":\"https:\/\/gobiernoparroquialdechican.gob.ec\/azuay\/#website\",\"url\":\"https:\/\/gobiernoparroquialdechican.gob.ec\/azuay\/\",\"name\":\"GAD parroquial Chic\u00e1n\",\"description\":\"Sitio Oficial del GAD Parroquial Chic\u00e1n Azuay\",\"potentialAction\":[{\"@type\":\"SearchAction\",\"target\":{\"@type\":\"EntryPoint\",\"urlTemplate\":\"https:\/\/gobiernoparroquialdechican.gob.ec\/azuay\/?s={search_term_string}\"},\"query-input\":{\"@type\":\"PropertyValueSpecification\",\"valueRequired\":true,\"valueName\":\"search_term_string\"}}],\"inLanguage\":\"es\"},{\"@type\":\"Person\",\"@id\":\"https:\/\/gobiernoparroquialdechican.gob.ec\/azuay\/#\/schema\/person\/37c2deda1690697df1d7791959a3a1a8\",\"name\":\"agobiernoparroquialdechican\",\"image\":{\"@type\":\"ImageObject\",\"inLanguage\":\"es\",\"@id\":\"https:\/\/gobiernoparroquialdechican.gob.ec\/azuay\/#\/schema\/person\/image\/\",\"url\":\"https:\/\/secure.gravatar.com\/avatar\/b7ceb8d4252728c0b1d1cd3b9cad0763b9c634e606648daa884e5ee6d60d6ebc?s=96&d=mm&r=g\",\"contentUrl\":\"https:\/\/secure.gravatar.com\/avatar\/b7ceb8d4252728c0b1d1cd3b9cad0763b9c634e606648daa884e5ee6d60d6ebc?s=96&d=mm&r=g\",\"caption\":\"agobiernoparroquialdechican\"},\"url\":\"https:\/\/gobiernoparroquialdechican.gob.ec\/azuay\/author\/agobiernoparroquialdechican\/\"}]}<\/script>\n<!-- \/ Yoast SEO plugin. -->","yoast_head_json":{"title":"HISTORIA. - GAD parroquial Chic\u00e1n","robots":{"index":"index","follow":"follow","max-snippet":"max-snippet:-1","max-image-preview":"max-image-preview:large","max-video-preview":"max-video-preview:-1"},"canonical":"https:\/\/gobiernoparroquialdechican.gob.ec\/azuay\/historia\/","og_locale":"es_ES","og_type":"article","og_title":"HISTORIA. - GAD parroquial Chic\u00e1n","og_description":"ORIGEN DE LA PARROQUIA CHIC\u00c1N. En la \u00c9poca Republicana, a fines del Siglo XIX y comienzos del XX se encontraba formando parte de la hacienda Zhumir, de propiedad de la Sra. Hortensia Mata. La mencionada se\u00f1ora, entrega estos terrenos por herencia a su hijo Carlos Ordo\u00f1ez , el mismo que vende a personas de distintos [&hellip;]","og_url":"https:\/\/gobiernoparroquialdechican.gob.ec\/azuay\/historia\/","og_site_name":"GAD parroquial Chic\u00e1n","article_published_time":"2011-10-13T19:17:33+00:00","article_modified_time":"2023-01-25T17:37:19+00:00","og_image":[{"url":"https:\/\/gobiernoparroquialdechican.gob.ec\/azuay\/wp-content\/uploads\/2011\/10\/Imagen1-2-550x348.png","type":"","width":"","height":""}],"author":"agobiernoparroquialdechican","twitter_card":"summary_large_image","twitter_misc":{"Escrito por":"agobiernoparroquialdechican","Tiempo de lectura":"2 minutos"},"schema":{"@context":"https:\/\/schema.org","@graph":[{"@type":"Article","@id":"https:\/\/gobiernoparroquialdechican.gob.ec\/azuay\/historia\/#article","isPartOf":{"@id":"https:\/\/gobiernoparroquialdechican.gob.ec\/azuay\/historia\/"},"author":{"name":"agobiernoparroquialdechican","@id":"https:\/\/gobiernoparroquialdechican.gob.ec\/azuay\/#\/schema\/person\/37c2deda1690697df1d7791959a3a1a8"},"headline":"HISTORIA.","datePublished":"2011-10-13T19:17:33+00:00","dateModified":"2023-01-25T17:37:19+00:00","mainEntityOfPage":{"@id":"https:\/\/gobiernoparroquialdechican.gob.ec\/azuay\/historia\/"},"wordCount":336,"image":{"@id":"https:\/\/gobiernoparroquialdechican.gob.ec\/azuay\/historia\/#primaryimage"},"thumbnailUrl":"https:\/\/gobiernoparroquialdechican.gob.ec\/azuay\/wp-content\/uploads\/2011\/10\/Imagen1-2-550x348.png","inLanguage":"es"},{"@type":"WebPage","@id":"https:\/\/gobiernoparroquialdechican.gob.ec\/azuay\/historia\/","url":"https:\/\/gobiernoparroquialdechican.gob.ec\/azuay\/historia\/","name":"HISTORIA. - GAD parroquial Chic\u00e1n","isPartOf":{"@id":"https:\/\/gobiernoparroquialdechican.gob.ec\/azuay\/#website"},"primaryImageOfPage":{"@id":"https:\/\/gobiernoparroquialdechican.gob.ec\/azuay\/historia\/#primaryimage"},"image":{"@id":"https:\/\/gobiernoparroquialdechican.gob.ec\/azuay\/historia\/#primaryimage"},"thumbnailUrl":"https:\/\/gobiernoparroquialdechican.gob.ec\/azuay\/wp-content\/uploads\/2011\/10\/Imagen1-2-550x348.png","datePublished":"2011-10-13T19:17:33+00:00","dateModified":"2023-01-25T17:37:19+00:00","author":{"@id":"https:\/\/gobiernoparroquialdechican.gob.ec\/azuay\/#\/schema\/person\/37c2deda1690697df1d7791959a3a1a8"},"breadcrumb":{"@id":"https:\/\/gobiernoparroquialdechican.gob.ec\/azuay\/historia\/#breadcrumb"},"inLanguage":"es","potentialAction":[{"@type":"ReadAction","target":["https:\/\/gobiernoparroquialdechican.gob.ec\/azuay\/historia\/"]}]},{"@type":"ImageObject","inLanguage":"es","@id":"https:\/\/gobiernoparroquialdechican.gob.ec\/azuay\/historia\/#primaryimage","url":"https:\/\/gobiernoparroquialdechican.gob.ec\/azuay\/wp-content\/uploads\/2011\/10\/Imagen1-2.png","contentUrl":"https:\/\/gobiernoparroquialdechican.gob.ec\/azuay\/wp-content\/uploads\/2011\/10\/Imagen1-2.png","width":650,"height":411},{"@type":"BreadcrumbList","@id":"https:\/\/gobiernoparroquialdechican.gob.ec\/azuay\/historia\/#breadcrumb","itemListElement":[{"@type":"ListItem","position":1,"name":"Home","item":"https:\/\/gobiernoparroquialdechican.gob.ec\/azuay\/"},{"@type":"ListItem","position":2,"name":"HISTORIA."}]},{"@type":"WebSite","@id":"https:\/\/gobiernoparroquialdechican.gob.ec\/azuay\/#website","url":"https:\/\/gobiernoparroquialdechican.gob.ec\/azuay\/","name":"GAD parroquial Chic\u00e1n","description":"Sitio Oficial del GAD Parroquial Chic\u00e1n Azuay","potentialAction":[{"@type":"SearchAction","target":{"@type":"EntryPoint","urlTemplate":"https:\/\/gobiernoparroquialdechican.gob.ec\/azuay\/?s={search_term_string}"},"query-input":{"@type":"PropertyValueSpecification","valueRequired":true,"valueName":"search_term_string"}}],"inLanguage":"es"},{"@type":"Person","@id":"https:\/\/gobiernoparroquialdechican.gob.ec\/azuay\/#\/schema\/person\/37c2deda1690697df1d7791959a3a1a8","name":"agobiernoparroquialdechican","image":{"@type":"ImageObject","inLanguage":"es","@id":"https:\/\/gobiernoparroquialdechican.gob.ec\/azuay\/#\/schema\/person\/image\/","url":"https:\/\/secure.gravatar.com\/avatar\/b7ceb8d4252728c0b1d1cd3b9cad0763b9c634e606648daa884e5ee6d60d6ebc?s=96&d=mm&r=g","contentUrl":"https:\/\/secure.gravatar.com\/avatar\/b7ceb8d4252728c0b1d1cd3b9cad0763b9c634e606648daa884e5ee6d60d6ebc?s=96&d=mm&r=g","caption":"agobiernoparroquialdechican"},"url":"https:\/\/gobiernoparroquialdechican.gob.ec\/azuay\/author\/agobiernoparroquialdechican\/"}]}},"_links":{"self":[{"href":"https:\/\/gobiernoparroquialdechican.gob.ec\/azuay\/wp-json\/wp\/v2\/posts\/98","targetHints":{"allow":["GET"]}}],"collection":[{"href":"https:\/\/gobiernoparroquialdechican.gob.ec\/azuay\/wp-json\/wp\/v2\/posts"}],"about":[{"href":"https:\/\/gobiernoparroquialdechican.gob.ec\/azuay\/wp-json\/wp\/v2\/types\/post"}],"author":[{"embeddable":true,"href":"https:\/\/gobiernoparroquialdechican.gob.ec\/azuay\/wp-json\/wp\/v2\/users\/8"}],"replies":[{"embeddable":true,"href":"https:\/\/gobiernoparroquialdechican.gob.ec\/azuay\/wp-json\/wp\/v2\/comments?post=98"}],"version-history":[{"count":7,"href":"https:\/\/gobiernoparroquialdechican.gob.ec\/azuay\/wp-json\/wp\/v2\/posts\/98\/revisions"}],"predecessor-version":[{"id":1518,"href":"https:\/\/gobiernoparroquialdechican.gob.ec\/azuay\/wp-json\/wp\/v2\/posts\/98\/revisions\/1518"}],"wp:attachment":[{"href":"https:\/\/gobiernoparroquialdechican.gob.ec\/azuay\/wp-json\/wp\/v2\/media?parent=98"}],"wp:term":[{"taxonomy":"category","embeddable":true,"href":"https:\/\/gobiernoparroquialdechican.gob.ec\/azuay\/wp-json\/wp\/v2\/categories?post=98"},{"taxonomy":"post_tag","embeddable":true,"href":"https:\/\/gobiernoparroquialdechican.gob.ec\/azuay\/wp-json\/wp\/v2\/tags?post=98"}],"curies":[{"name":"wp","href":"https:\/\/api.w.org\/{rel}","templated":true}]}}