{"id":348,"date":"2016-03-30T16:14:58","date_gmt":"2016-03-30T20:14:58","guid":{"rendered":"http:\/\/gobiernoparroquialdechican.gob.ec\/azuay\/?p=348"},"modified":"2017-01-30T22:22:43","modified_gmt":"2017-01-31T02:22:43","slug":"reuniones-de-pleno","status":"publish","type":"post","link":"https:\/\/gobiernoparroquialdechican.gob.ec\/azuay\/reuniones-de-pleno\/","title":{"rendered":"REUNIONES DE PLENO PERTENECIENTE AL A\u00d1O FISCAL 2015"},"content":{"rendered":"<p style=\"text-align: center;\">actas de reuniones de pleno en el Gobierno Autonomo Descentralizado De Chic\u00e1n<\/p>\n<p style=\"text-align: center;\"><a href=\"http:\/\/gobiernoparroquialdechican.gob.ec\/azuay\/wp-content\/uploads\/2016\/03\/img-160331094026.pdf\">ACTA A LOS 22 DIAS DEL MES DE ENERO DE 2015<\/a><\/p>\n<p style=\"text-align: center;\"><a href=\"http:\/\/gobiernoparroquialdechican.gob.ec\/azuay\/wp-content\/uploads\/2016\/03\/img-160331094111.pdf\">ACTA A LOS 20 DIAS DEL MES DE MARZO DE 2015<\/a><\/p>\n<p style=\"text-align: center;\"><a href=\"http:\/\/gobiernoparroquialdechican.gob.ec\/azuay\/wp-content\/uploads\/2016\/03\/img-160331094605.pdf\">ACTA A LOS 27 DIAS DEL MES DE MARZO DE 2015<\/a><!--more--><\/p>\n<p style=\"text-align: center;\"><a href=\"http:\/\/gobiernoparroquialdechican.gob.ec\/azuay\/wp-content\/uploads\/2016\/03\/img-160331094515.pdf\">ACTA A LOS 30 DIAS DEL MES DE ABRIL DE 2015<\/a><\/p>\n<p style=\"text-align: center;\"><a href=\"http:\/\/gobiernoparroquialdechican.gob.ec\/azuay\/wp-content\/uploads\/2016\/03\/img-160331095416.pdf\">ACTA A LOS 15 DIAS DEL MES DE MAYO DE 2015<\/a><\/p>\n<p style=\"text-align: center;\"><a href=\"http:\/\/gobiernoparroquialdechican.gob.ec\/azuay\/wp-content\/uploads\/2016\/03\/img-160331094205.pdf\">ACTA A LOS 11 DIAS DEL MES DE JUNIO DE 2015<\/a><\/p>\n<p style=\"text-align: center;\"><a href=\"http:\/\/gobiernoparroquialdechican.gob.ec\/azuay\/wp-content\/uploads\/2016\/03\/img-160331094622.pdf\">ACTA A LOS 17 DIAS DEL MES DE JUNIO DE 2015<\/a><\/p>\n<p style=\"text-align: center;\"><a href=\"http:\/\/gobiernoparroquialdechican.gob.ec\/azuay\/wp-content\/uploads\/2016\/03\/img-160331094713.pdf\">ACTA A LOS 17 DIAS DEL MES DE JUNIO DE 2015<\/a><\/p>\n<p style=\"text-align: center;\"><a href=\"http:\/\/gobiernoparroquialdechican.gob.ec\/azuay\/wp-content\/uploads\/2016\/03\/img-160331094242.pdf\">ACTA A LOS 11 DIAS DEL MES DE JUNIO DE 2015<\/a><\/p>\n<p style=\"text-align: center;\"><a href=\"http:\/\/gobiernoparroquialdechican.gob.ec\/azuay\/wp-content\/uploads\/2016\/03\/img-160331094311.pdf\">ACTA A LOS 15 DIAS DEL MES DE JULIO DE 2015<\/a><\/p>\n<p style=\"text-align: center;\"><a href=\"http:\/\/gobiernoparroquialdechican.gob.ec\/azuay\/wp-content\/uploads\/2016\/03\/img-160331094347.pdf\">ACTA A LOS 24 DIAS DEL MES DE JULIO DE 2015<\/a><\/p>\n<p style=\"text-align: center;\"><a href=\"http:\/\/gobiernoparroquialdechican.gob.ec\/azuay\/wp-content\/uploads\/2016\/03\/img-160331094425.pdf\">ACTA A LOS 30 DIAS DEL MES DE JULIO DE 2015<\/a><\/p>\n<p style=\"text-align: center;\"><a href=\"http:\/\/gobiernoparroquialdechican.gob.ec\/azuay\/wp-content\/uploads\/2016\/03\/img-160331094136.pdf\">ACTA A LOS 21 DIAS DEL MES DE AGOSTO DE 2015<\/a><\/p>\n<p style=\"text-align: center;\"><a href=\"http:\/\/gobiernoparroquialdechican.gob.ec\/azuay\/wp-content\/uploads\/2016\/03\/img-160331094731.pdf\">ACTA A LOS 20 DIAS DEL MES DE AGOSTO DE 2015<\/a><\/p>\n<p style=\"text-align: center;\"><a href=\"http:\/\/gobiernoparroquialdechican.gob.ec\/azuay\/wp-content\/uploads\/2016\/03\/img-160331094759.pdf\">ACTA A LOS 30 DIAS DEL MES DE SEPTIEMBRE DE 2015<\/a><\/p>\n<p style=\"text-align: center;\"><a href=\"http:\/\/gobiernoparroquialdechican.gob.ec\/azuay\/wp-content\/uploads\/2016\/03\/img-160331095040.pdf\">ACTA A LOS 10 DIAS DEL MES DE NOVIEMBRE DE 2015<\/a><\/p>\n<p style=\"text-align: center;\"><a href=\"http:\/\/gobiernoparroquialdechican.gob.ec\/azuay\/wp-content\/uploads\/2016\/03\/img-160331095107.pdf\">ACTA A LOS 26 DIAS DEL MES DE NOVIEMBRE DE 2015<\/a><\/p>\n<p style=\"text-align: center;\">resgistro de asistencias<\/p>\n<p style=\"text-align: center;\"><a href=\"http:\/\/gobiernoparroquialdechican.gob.ec\/azuay\/wp-content\/uploads\/2016\/03\/registro-asistenca-reunion-extraordianria.pdf\">registro asistenca reunion extraordianria<\/a><\/p>\n<p style=\"text-align: center;\"><a href=\"http:\/\/gobiernoparroquialdechican.gob.ec\/azuay\/wp-content\/uploads\/2016\/03\/registro-de-asistencia-reunion-ordinaria.pdf\">registro de asistencia reunion ordinaria<\/a><\/p>\n","protected":false},"excerpt":{"rendered":"<p>actas de reuniones de pleno en el Gobierno Autonomo Descentralizado De Chic\u00e1n ACTA A LOS 22 DIAS DEL MES DE ENERO DE 2015 ACTA A LOS 20 DIAS DEL MES DE MARZO DE 2015 ACTA A LOS 27 DIAS DEL MES DE MARZO DE 2015<\/p>\n","protected":false},"author":9,"featured_media":0,"comment_status":"closed","ping_status":"closed","sticky":false,"template":"","format":"standard","meta":{"footnotes":""},"categories":[1],"tags":[],"class_list":["post-348","post","type-post","status-publish","format-standard","hentry","category-sin-categoria"],"yoast_head":"<!-- This site is optimized with the Yoast SEO plugin v26.9 - https:\/\/yoast.com\/product\/yoast-seo-wordpress\/ -->\n<title>REUNIONES DE PLENO PERTENECIENTE AL A\u00d1O FISCAL 2015 - GAD parroquial Chic\u00e1n<\/title>\n<meta name=\"robots\" content=\"index, follow, max-snippet:-1, max-image-preview:large, max-video-preview:-1\" \/>\n<link rel=\"canonical\" href=\"https:\/\/gobiernoparroquialdechican.gob.ec\/azuay\/reuniones-de-pleno\/\" \/>\n<meta property=\"og:locale\" content=\"es_ES\" \/>\n<meta property=\"og:type\" content=\"article\" \/>\n<meta property=\"og:title\" content=\"REUNIONES DE PLENO PERTENECIENTE AL A\u00d1O FISCAL 2015 - GAD parroquial Chic\u00e1n\" \/>\n<meta property=\"og:description\" content=\"actas de reuniones de pleno en el Gobierno Autonomo Descentralizado De Chic\u00e1n ACTA A LOS 22 DIAS DEL MES DE ENERO DE 2015 ACTA A LOS 20 DIAS DEL MES DE MARZO DE 2015 ACTA A LOS 27 DIAS DEL MES DE MARZO DE 2015\" \/>\n<meta property=\"og:url\" content=\"https:\/\/gobiernoparroquialdechican.gob.ec\/azuay\/reuniones-de-pleno\/\" \/>\n<meta property=\"og:site_name\" content=\"GAD parroquial Chic\u00e1n\" \/>\n<meta property=\"article:published_time\" content=\"2016-03-30T20:14:58+00:00\" \/>\n<meta property=\"article:modified_time\" content=\"2017-01-31T02:22:43+00:00\" \/>\n<meta name=\"author\" content=\"gobiernoparroquialdechican\" \/>\n<meta name=\"twitter:card\" content=\"summary_large_image\" \/>\n<meta name=\"twitter:label1\" content=\"Escrito por\" \/>\n\t<meta name=\"twitter:data1\" content=\"gobiernoparroquialdechican\" \/>\n\t<meta name=\"twitter:label2\" content=\"Tiempo de lectura\" \/>\n\t<meta name=\"twitter:data2\" content=\"1 minuto\" \/>\n<script type=\"application\/ld+json\" class=\"yoast-schema-graph\">{\"@context\":\"https:\/\/schema.org\",\"@graph\":[{\"@type\":\"Article\",\"@id\":\"https:\/\/gobiernoparroquialdechican.gob.ec\/azuay\/reuniones-de-pleno\/#article\",\"isPartOf\":{\"@id\":\"https:\/\/gobiernoparroquialdechican.gob.ec\/azuay\/reuniones-de-pleno\/\"},\"author\":{\"name\":\"gobiernoparroquialdechican\",\"@id\":\"https:\/\/gobiernoparroquialdechican.gob.ec\/azuay\/#\/schema\/person\/8ef32944ec71ff84899f2ed8b16ccf78\"},\"headline\":\"REUNIONES DE PLENO PERTENECIENTE AL A\u00d1O FISCAL 2015\",\"datePublished\":\"2016-03-30T20:14:58+00:00\",\"dateModified\":\"2017-01-31T02:22:43+00:00\",\"mainEntityOfPage\":{\"@id\":\"https:\/\/gobiernoparroquialdechican.gob.ec\/azuay\/reuniones-de-pleno\/\"},\"wordCount\":186,\"inLanguage\":\"es\"},{\"@type\":\"WebPage\",\"@id\":\"https:\/\/gobiernoparroquialdechican.gob.ec\/azuay\/reuniones-de-pleno\/\",\"url\":\"https:\/\/gobiernoparroquialdechican.gob.ec\/azuay\/reuniones-de-pleno\/\",\"name\":\"REUNIONES DE PLENO PERTENECIENTE AL A\u00d1O FISCAL 2015 - GAD parroquial Chic\u00e1n\",\"isPartOf\":{\"@id\":\"https:\/\/gobiernoparroquialdechican.gob.ec\/azuay\/#website\"},\"datePublished\":\"2016-03-30T20:14:58+00:00\",\"dateModified\":\"2017-01-31T02:22:43+00:00\",\"author\":{\"@id\":\"https:\/\/gobiernoparroquialdechican.gob.ec\/azuay\/#\/schema\/person\/8ef32944ec71ff84899f2ed8b16ccf78\"},\"breadcrumb\":{\"@id\":\"https:\/\/gobiernoparroquialdechican.gob.ec\/azuay\/reuniones-de-pleno\/#breadcrumb\"},\"inLanguage\":\"es\",\"potentialAction\":[{\"@type\":\"ReadAction\",\"target\":[\"https:\/\/gobiernoparroquialdechican.gob.ec\/azuay\/reuniones-de-pleno\/\"]}]},{\"@type\":\"BreadcrumbList\",\"@id\":\"https:\/\/gobiernoparroquialdechican.gob.ec\/azuay\/reuniones-de-pleno\/#breadcrumb\",\"itemListElement\":[{\"@type\":\"ListItem\",\"position\":1,\"name\":\"Home\",\"item\":\"https:\/\/gobiernoparroquialdechican.gob.ec\/azuay\/\"},{\"@type\":\"ListItem\",\"position\":2,\"name\":\"REUNIONES DE PLENO PERTENECIENTE AL A\u00d1O FISCAL 2015\"}]},{\"@type\":\"WebSite\",\"@id\":\"https:\/\/gobiernoparroquialdechican.gob.ec\/azuay\/#website\",\"url\":\"https:\/\/gobiernoparroquialdechican.gob.ec\/azuay\/\",\"name\":\"GAD parroquial Chic\u00e1n\",\"description\":\"Sitio Oficial del GAD Parroquial Chic\u00e1n Azuay\",\"potentialAction\":[{\"@type\":\"SearchAction\",\"target\":{\"@type\":\"EntryPoint\",\"urlTemplate\":\"https:\/\/gobiernoparroquialdechican.gob.ec\/azuay\/?s={search_term_string}\"},\"query-input\":{\"@type\":\"PropertyValueSpecification\",\"valueRequired\":true,\"valueName\":\"search_term_string\"}}],\"inLanguage\":\"es\"},{\"@type\":\"Person\",\"@id\":\"https:\/\/gobiernoparroquialdechican.gob.ec\/azuay\/#\/schema\/person\/8ef32944ec71ff84899f2ed8b16ccf78\",\"name\":\"gobiernoparroquialdechican\",\"image\":{\"@type\":\"ImageObject\",\"inLanguage\":\"es\",\"@id\":\"https:\/\/gobiernoparroquialdechican.gob.ec\/azuay\/#\/schema\/person\/image\/\",\"url\":\"https:\/\/secure.gravatar.com\/avatar\/ebb7fbfe3302366e93d3f76933f70a1551db014e261f342d927a8986ef26646c?s=96&d=mm&r=g\",\"contentUrl\":\"https:\/\/secure.gravatar.com\/avatar\/ebb7fbfe3302366e93d3f76933f70a1551db014e261f342d927a8986ef26646c?s=96&d=mm&r=g\",\"caption\":\"gobiernoparroquialdechican\"},\"description\":\"Solos podemos hacer poco. Unidos podemos hacer mucho\",\"sameAs\":[\"http:\/\/agobiernoparroquialdechican\"],\"url\":\"https:\/\/gobiernoparroquialdechican.gob.ec\/azuay\/author\/gobiernoparroquialdechican\/\"}]}<\/script>\n<!-- \/ Yoast SEO plugin. -->","yoast_head_json":{"title":"REUNIONES DE PLENO PERTENECIENTE AL A\u00d1O FISCAL 2015 - GAD parroquial Chic\u00e1n","robots":{"index":"index","follow":"follow","max-snippet":"max-snippet:-1","max-image-preview":"max-image-preview:large","max-video-preview":"max-video-preview:-1"},"canonical":"https:\/\/gobiernoparroquialdechican.gob.ec\/azuay\/reuniones-de-pleno\/","og_locale":"es_ES","og_type":"article","og_title":"REUNIONES DE PLENO PERTENECIENTE AL A\u00d1O FISCAL 2015 - GAD parroquial Chic\u00e1n","og_description":"actas de reuniones de pleno en el Gobierno Autonomo Descentralizado De Chic\u00e1n ACTA A LOS 22 DIAS DEL MES DE ENERO DE 2015 ACTA A LOS 20 DIAS DEL MES DE MARZO DE 2015 ACTA A LOS 27 DIAS DEL MES DE MARZO DE 2015","og_url":"https:\/\/gobiernoparroquialdechican.gob.ec\/azuay\/reuniones-de-pleno\/","og_site_name":"GAD parroquial Chic\u00e1n","article_published_time":"2016-03-30T20:14:58+00:00","article_modified_time":"2017-01-31T02:22:43+00:00","author":"gobiernoparroquialdechican","twitter_card":"summary_large_image","twitter_misc":{"Escrito por":"gobiernoparroquialdechican","Tiempo de lectura":"1 minuto"},"schema":{"@context":"https:\/\/schema.org","@graph":[{"@type":"Article","@id":"https:\/\/gobiernoparroquialdechican.gob.ec\/azuay\/reuniones-de-pleno\/#article","isPartOf":{"@id":"https:\/\/gobiernoparroquialdechican.gob.ec\/azuay\/reuniones-de-pleno\/"},"author":{"name":"gobiernoparroquialdechican","@id":"https:\/\/gobiernoparroquialdechican.gob.ec\/azuay\/#\/schema\/person\/8ef32944ec71ff84899f2ed8b16ccf78"},"headline":"REUNIONES DE PLENO PERTENECIENTE AL A\u00d1O FISCAL 2015","datePublished":"2016-03-30T20:14:58+00:00","dateModified":"2017-01-31T02:22:43+00:00","mainEntityOfPage":{"@id":"https:\/\/gobiernoparroquialdechican.gob.ec\/azuay\/reuniones-de-pleno\/"},"wordCount":186,"inLanguage":"es"},{"@type":"WebPage","@id":"https:\/\/gobiernoparroquialdechican.gob.ec\/azuay\/reuniones-de-pleno\/","url":"https:\/\/gobiernoparroquialdechican.gob.ec\/azuay\/reuniones-de-pleno\/","name":"REUNIONES DE PLENO PERTENECIENTE AL A\u00d1O FISCAL 2015 - GAD parroquial Chic\u00e1n","isPartOf":{"@id":"https:\/\/gobiernoparroquialdechican.gob.ec\/azuay\/#website"},"datePublished":"2016-03-30T20:14:58+00:00","dateModified":"2017-01-31T02:22:43+00:00","author":{"@id":"https:\/\/gobiernoparroquialdechican.gob.ec\/azuay\/#\/schema\/person\/8ef32944ec71ff84899f2ed8b16ccf78"},"breadcrumb":{"@id":"https:\/\/gobiernoparroquialdechican.gob.ec\/azuay\/reuniones-de-pleno\/#breadcrumb"},"inLanguage":"es","potentialAction":[{"@type":"ReadAction","target":["https:\/\/gobiernoparroquialdechican.gob.ec\/azuay\/reuniones-de-pleno\/"]}]},{"@type":"BreadcrumbList","@id":"https:\/\/gobiernoparroquialdechican.gob.ec\/azuay\/reuniones-de-pleno\/#breadcrumb","itemListElement":[{"@type":"ListItem","position":1,"name":"Home","item":"https:\/\/gobiernoparroquialdechican.gob.ec\/azuay\/"},{"@type":"ListItem","position":2,"name":"REUNIONES DE PLENO PERTENECIENTE AL A\u00d1O FISCAL 2015"}]},{"@type":"WebSite","@id":"https:\/\/gobiernoparroquialdechican.gob.ec\/azuay\/#website","url":"https:\/\/gobiernoparroquialdechican.gob.ec\/azuay\/","name":"GAD parroquial Chic\u00e1n","description":"Sitio Oficial del GAD Parroquial Chic\u00e1n Azuay","potentialAction":[{"@type":"SearchAction","target":{"@type":"EntryPoint","urlTemplate":"https:\/\/gobiernoparroquialdechican.gob.ec\/azuay\/?s={search_term_string}"},"query-input":{"@type":"PropertyValueSpecification","valueRequired":true,"valueName":"search_term_string"}}],"inLanguage":"es"},{"@type":"Person","@id":"https:\/\/gobiernoparroquialdechican.gob.ec\/azuay\/#\/schema\/person\/8ef32944ec71ff84899f2ed8b16ccf78","name":"gobiernoparroquialdechican","image":{"@type":"ImageObject","inLanguage":"es","@id":"https:\/\/gobiernoparroquialdechican.gob.ec\/azuay\/#\/schema\/person\/image\/","url":"https:\/\/secure.gravatar.com\/avatar\/ebb7fbfe3302366e93d3f76933f70a1551db014e261f342d927a8986ef26646c?s=96&d=mm&r=g","contentUrl":"https:\/\/secure.gravatar.com\/avatar\/ebb7fbfe3302366e93d3f76933f70a1551db014e261f342d927a8986ef26646c?s=96&d=mm&r=g","caption":"gobiernoparroquialdechican"},"description":"Solos podemos hacer poco. Unidos podemos hacer mucho","sameAs":["http:\/\/agobiernoparroquialdechican"],"url":"https:\/\/gobiernoparroquialdechican.gob.ec\/azuay\/author\/gobiernoparroquialdechican\/"}]}},"_links":{"self":[{"href":"https:\/\/gobiernoparroquialdechican.gob.ec\/azuay\/wp-json\/wp\/v2\/posts\/348","targetHints":{"allow":["GET"]}}],"collection":[{"href":"https:\/\/gobiernoparroquialdechican.gob.ec\/azuay\/wp-json\/wp\/v2\/posts"}],"about":[{"href":"https:\/\/gobiernoparroquialdechican.gob.ec\/azuay\/wp-json\/wp\/v2\/types\/post"}],"author":[{"embeddable":true,"href":"https:\/\/gobiernoparroquialdechican.gob.ec\/azuay\/wp-json\/wp\/v2\/users\/9"}],"replies":[{"embeddable":true,"href":"https:\/\/gobiernoparroquialdechican.gob.ec\/azuay\/wp-json\/wp\/v2\/comments?post=348"}],"version-history":[{"count":8,"href":"https:\/\/gobiernoparroquialdechican.gob.ec\/azuay\/wp-json\/wp\/v2\/posts\/348\/revisions"}],"predecessor-version":[{"id":471,"href":"https:\/\/gobiernoparroquialdechican.gob.ec\/azuay\/wp-json\/wp\/v2\/posts\/348\/revisions\/471"}],"wp:attachment":[{"href":"https:\/\/gobiernoparroquialdechican.gob.ec\/azuay\/wp-json\/wp\/v2\/media?parent=348"}],"wp:term":[{"taxonomy":"category","embeddable":true,"href":"https:\/\/gobiernoparroquialdechican.gob.ec\/azuay\/wp-json\/wp\/v2\/categories?post=348"},{"taxonomy":"post_tag","embeddable":true,"href":"https:\/\/gobiernoparroquialdechican.gob.ec\/azuay\/wp-json\/wp\/v2\/tags?post=348"}],"curies":[{"name":"wp","href":"https:\/\/api.w.org\/{rel}","templated":true}]}}