{"id":121,"date":"2017-06-29T15:36:53","date_gmt":"2017-06-29T19:36:53","guid":{"rendered":"http:\/\/gobiernoparroquialdechican.gob.ec\/azuay\/?p=121"},"modified":"2023-01-25T13:48:31","modified_gmt":"2023-01-25T17:48:31","slug":"principios-y-valores","status":"publish","type":"post","link":"https:\/\/gobiernoparroquialdechican.gob.ec\/azuay\/principios-y-valores\/","title":{"rendered":"PROPUESTA Y VISI\u00d3N."},"content":{"rendered":"<div style=\"text-align: center;\"><span style=\"font-size: 18pt;\"><strong>PLAN DE DESARROLLO Y ORDENAMIENTO TERRITORIAL PARROQUIAL DE CHIC\u00c1N.<\/strong><\/span><\/div>\n<div style=\"text-align: center;\"><\/div>\n<div style=\"text-align: center;\"><\/div>\n<div style=\"text-align: left;\"><span style=\"font-size: 14pt;\"><strong>PROPUESTA.<\/strong><\/span><\/div>\n<div style=\"text-align: left;\"><span style=\"font-size: 14pt;\">La fase de propuesta es muy importante dentro del proceso de elaboraci\u00f3n y\/o actualizaci\u00f3n del Plan de Desarrollo y Ordenamiento<\/span><\/div>\n<div style=\"text-align: left;\"><span style=\"font-size: 14pt;\">Territorial, ya que corresponde a la etapa propositiva, es decir a la planificaci\u00f3n misma del territorio de acuerdo a los resultados obtenidos en el diagn\u00f3stico, y a los objetivos estrat\u00e9gicos planteados en base a los problemas y potencialidades propias de la parroquia Chic\u00e1n, llegando a definir un modelo territorial deseado o imagen objetivo a largo plazo y las correspondientes medidas necesarias para su consecuci\u00f3n.<\/span><\/div>\n<div><\/div>\n<div><\/div>\n<div style=\"text-align: left;\"><span style=\"font-size: 14pt;\">Como parte del proceso de planificaci\u00f3n y siguiendo los lineamientos establecidos por SENPLADES, se establece dentro de esta fase la determinaci\u00f3n de la visi\u00f3n de la parroquia a largo plazo, los objetivos estrat\u00e9gicos de desarrollo, el modelo territorial deseado y las pol\u00edticas locales.<\/span><\/div>\n<div style=\"text-align: left;\"><\/div>\n<div><\/div>\n<div style=\"text-align: left;\"><span style=\"font-size: 14pt;\"><strong>VISI\u00d3N.<\/strong><\/span><\/div>\n<div style=\"text-align: left;\"><span style=\"font-size: 14pt;\">Para el a\u00f1o 2027, Chic\u00e1n se constituye en una parroquia que se beneficia de la conservaci\u00f3n y recuperaci\u00f3n de los ecosistemas y el medio ambiente; se distribuye de manera ordenada facilitando la accesibilidad e interconexi\u00f3n de sus habitantes, garantizando una adecuada cobertura y dotaci\u00f3n de servicios b\u00e1sicos, equipamientos e infraestructuras; su poblaci\u00f3n ha mejorado sus niveles de ingreso y condiciones laborales mediante el fortalecimiento de las actividades productivas y la generaci\u00f3n de turismo comunitario como alternativa a la econom\u00eda local; la parroquia se gobierna de manera eficaz, eficiente y transparente, mediante procesos de planificaci\u00f3n participativa que incluyen a los grupos de atenci\u00f3n prioritaria y fortalecen la base social comunitaria.<\/span><\/div>\n<div><\/div>\n<div><\/div>\n<div><\/div>\n<div style=\"text-align: center;\"><span style=\"color: #ff0000; font-size: 18pt;\"><strong>PLAN DE DESARROLLO Y ORDENAMIENTO TERRITORIAL PARROQUIAL DE CHIC\u00c1N.<\/strong><\/span><\/div>\n<div style=\"text-align: center;\"><span style=\"color: #ff0000; font-size: 18pt;\"><strong>ADMINISTRACI\u00d3N 2019-2023<\/strong><\/span><\/div>\n<div><\/div>\n<div><span style=\"color: #ff0000; font-family: courier new, courier, monospace; font-size: 14pt;\"><strong>DIAGNOSTICO ACTUALIZACI\u00d3N DEL PDOT PARROQUIA CHICAN<\/strong><\/span><\/div>\n<ul>\n<li><span style=\"font-family: courier new, courier, monospace; font-size: 14pt;\"><a href=\"https:\/\/gobiernoparroquialdechican.gob.ec\/azuay\/wp-content\/uploads\/2017\/06\/DIAGNOSTICO-ACTUALIZACION-DEL-PDOT-PARROQUIA-CHICAN.pdf\"><span style=\"color: #000000;\">DIAGNOSTICO ACTUALIZACI\u00d3N DEL PDOT PARROQUIA CHICAN<\/span><\/a><\/span><\/li>\n<\/ul>\n<div><\/div>\n<div><span style=\"color: #ff0000; font-size: 14pt;\"><a style=\"color: #ff0000;\" href=\"https:\/\/gobiernoparroquialdechican.gob.ec\/azuay\/wp-content\/uploads\/2017\/06\/PROPUESTA-y-MODELO-DE-GESTI\u00d3N-PDOT-CHICAN.pdf\"><strong><span style=\"font-family: courier new, courier, monospace;\">PROPUESTA y MODELO DE GESTI\u00d3N PDOT CHICAN<\/span><\/strong><\/a><\/span><\/div>\n<ul>\n<li><span style=\"color: #000000; font-family: courier new, courier, monospace; font-size: 14pt;\"><a style=\"color: #000000;\" href=\"https:\/\/gobiernoparroquialdechican.gob.ec\/azuay\/wp-content\/uploads\/2017\/06\/PROPUESTA-y-MODELO-DE-GESTI\u00d3N-PDOT-CHICAN.pdf\">\u00a0PROPUESTA y MODELO DE GESTI\u00d3N PDOT CHICAN<\/a><\/span><\/li>\n<\/ul>\n<p><span style=\"color: #000000; font-family: courier new, courier, monospace; font-size: 14pt;\"><strong>ALINEACI\u00d3N PDOT AL PLAN CREACION DE OPORTUNIDADES 2021-2025<\/strong><\/span><\/p>\n<p><span style=\"color: #000000; font-family: courier new, courier, monospace; font-size: 14pt;\"><a style=\"color: #000000;\" href=\"https:\/\/gobiernoparroquialdechican.gob.ec\/azuay\/wp-content\/uploads\/2017\/06\/PDOT-CHICAN.pdf\">PDOT &#8211; CHICAN<\/a><\/span><\/p>\n<p><a href=\"https:\/\/gobiernoparroquialdechican.gob.ec\/azuay\/wp-content\/uploads\/2017\/06\/RESOLUCION-004-APROBACION-DEL-ORGANO-LEGISLATIVO.pdf\"><span style=\"color: #000000; font-family: courier new, courier, monospace;\"><span style=\"font-size: 14pt;\">RESOLUCION 004 APROBACION DEL ORGANO LEGISLATIVO<\/span><\/span><\/a><\/p>\n","protected":false},"excerpt":{"rendered":"<p>PLAN DE DESARROLLO Y ORDENAMIENTO TERRITORIAL PARROQUIAL DE CHIC\u00c1N. PROPUESTA. La fase de propuesta es muy importante dentro del proceso de elaboraci\u00f3n y\/o actualizaci\u00f3n del Plan de Desarrollo y Ordenamiento Territorial, ya que corresponde a la etapa propositiva, es decir a la planificaci\u00f3n misma del territorio de acuerdo a los resultados obtenidos en el diagn\u00f3stico, [&hellip;]<\/p>\n","protected":false},"author":8,"featured_media":0,"comment_status":"closed","ping_status":"closed","sticky":false,"template":"","format":"standard","meta":{"footnotes":""},"categories":[1],"tags":[],"class_list":["post-121","post","type-post","status-publish","format-standard","hentry","category-sin-categoria"],"yoast_head":"<!-- This site is optimized with the Yoast SEO plugin v26.9 - https:\/\/yoast.com\/product\/yoast-seo-wordpress\/ -->\n<title>PROPUESTA Y VISI\u00d3N. - GAD parroquial Chic\u00e1n<\/title>\n<meta name=\"robots\" content=\"index, follow, max-snippet:-1, max-image-preview:large, max-video-preview:-1\" \/>\n<link rel=\"canonical\" href=\"https:\/\/gobiernoparroquialdechican.gob.ec\/azuay\/principios-y-valores\/\" \/>\n<meta property=\"og:locale\" content=\"es_ES\" \/>\n<meta property=\"og:type\" content=\"article\" \/>\n<meta property=\"og:title\" content=\"PROPUESTA Y VISI\u00d3N. - GAD parroquial Chic\u00e1n\" \/>\n<meta property=\"og:description\" content=\"PLAN DE DESARROLLO Y ORDENAMIENTO TERRITORIAL PARROQUIAL DE CHIC\u00c1N. PROPUESTA. La fase de propuesta es muy importante dentro del proceso de elaboraci\u00f3n y\/o actualizaci\u00f3n del Plan de Desarrollo y Ordenamiento Territorial, ya que corresponde a la etapa propositiva, es decir a la planificaci\u00f3n misma del territorio de acuerdo a los resultados obtenidos en el diagn\u00f3stico, [&hellip;]\" \/>\n<meta property=\"og:url\" content=\"https:\/\/gobiernoparroquialdechican.gob.ec\/azuay\/principios-y-valores\/\" \/>\n<meta property=\"og:site_name\" content=\"GAD parroquial Chic\u00e1n\" \/>\n<meta property=\"article:published_time\" content=\"2017-06-29T19:36:53+00:00\" \/>\n<meta property=\"article:modified_time\" content=\"2023-01-25T17:48:31+00:00\" \/>\n<meta name=\"author\" content=\"agobiernoparroquialdechican\" \/>\n<meta name=\"twitter:card\" content=\"summary_large_image\" \/>\n<meta name=\"twitter:label1\" content=\"Escrito por\" \/>\n\t<meta name=\"twitter:data1\" content=\"agobiernoparroquialdechican\" \/>\n\t<meta name=\"twitter:label2\" content=\"Tiempo de lectura\" \/>\n\t<meta name=\"twitter:data2\" content=\"2 minutos\" \/>\n<script type=\"application\/ld+json\" class=\"yoast-schema-graph\">{\"@context\":\"https:\/\/schema.org\",\"@graph\":[{\"@type\":\"Article\",\"@id\":\"https:\/\/gobiernoparroquialdechican.gob.ec\/azuay\/principios-y-valores\/#article\",\"isPartOf\":{\"@id\":\"https:\/\/gobiernoparroquialdechican.gob.ec\/azuay\/principios-y-valores\/\"},\"author\":{\"name\":\"agobiernoparroquialdechican\",\"@id\":\"https:\/\/gobiernoparroquialdechican.gob.ec\/azuay\/#\/schema\/person\/37c2deda1690697df1d7791959a3a1a8\"},\"headline\":\"PROPUESTA Y VISI\u00d3N.\",\"datePublished\":\"2017-06-29T19:36:53+00:00\",\"dateModified\":\"2023-01-25T17:48:31+00:00\",\"mainEntityOfPage\":{\"@id\":\"https:\/\/gobiernoparroquialdechican.gob.ec\/azuay\/principios-y-valores\/\"},\"wordCount\":337,\"inLanguage\":\"es\"},{\"@type\":\"WebPage\",\"@id\":\"https:\/\/gobiernoparroquialdechican.gob.ec\/azuay\/principios-y-valores\/\",\"url\":\"https:\/\/gobiernoparroquialdechican.gob.ec\/azuay\/principios-y-valores\/\",\"name\":\"PROPUESTA Y VISI\u00d3N. - GAD parroquial Chic\u00e1n\",\"isPartOf\":{\"@id\":\"https:\/\/gobiernoparroquialdechican.gob.ec\/azuay\/#website\"},\"datePublished\":\"2017-06-29T19:36:53+00:00\",\"dateModified\":\"2023-01-25T17:48:31+00:00\",\"author\":{\"@id\":\"https:\/\/gobiernoparroquialdechican.gob.ec\/azuay\/#\/schema\/person\/37c2deda1690697df1d7791959a3a1a8\"},\"breadcrumb\":{\"@id\":\"https:\/\/gobiernoparroquialdechican.gob.ec\/azuay\/principios-y-valores\/#breadcrumb\"},\"inLanguage\":\"es\",\"potentialAction\":[{\"@type\":\"ReadAction\",\"target\":[\"https:\/\/gobiernoparroquialdechican.gob.ec\/azuay\/principios-y-valores\/\"]}]},{\"@type\":\"BreadcrumbList\",\"@id\":\"https:\/\/gobiernoparroquialdechican.gob.ec\/azuay\/principios-y-valores\/#breadcrumb\",\"itemListElement\":[{\"@type\":\"ListItem\",\"position\":1,\"name\":\"Home\",\"item\":\"https:\/\/gobiernoparroquialdechican.gob.ec\/azuay\/\"},{\"@type\":\"ListItem\",\"position\":2,\"name\":\"PROPUESTA Y VISI\u00d3N.\"}]},{\"@type\":\"WebSite\",\"@id\":\"https:\/\/gobiernoparroquialdechican.gob.ec\/azuay\/#website\",\"url\":\"https:\/\/gobiernoparroquialdechican.gob.ec\/azuay\/\",\"name\":\"GAD parroquial Chic\u00e1n\",\"description\":\"Sitio Oficial del GAD Parroquial Chic\u00e1n Azuay\",\"potentialAction\":[{\"@type\":\"SearchAction\",\"target\":{\"@type\":\"EntryPoint\",\"urlTemplate\":\"https:\/\/gobiernoparroquialdechican.gob.ec\/azuay\/?s={search_term_string}\"},\"query-input\":{\"@type\":\"PropertyValueSpecification\",\"valueRequired\":true,\"valueName\":\"search_term_string\"}}],\"inLanguage\":\"es\"},{\"@type\":\"Person\",\"@id\":\"https:\/\/gobiernoparroquialdechican.gob.ec\/azuay\/#\/schema\/person\/37c2deda1690697df1d7791959a3a1a8\",\"name\":\"agobiernoparroquialdechican\",\"image\":{\"@type\":\"ImageObject\",\"inLanguage\":\"es\",\"@id\":\"https:\/\/gobiernoparroquialdechican.gob.ec\/azuay\/#\/schema\/person\/image\/\",\"url\":\"https:\/\/secure.gravatar.com\/avatar\/b7ceb8d4252728c0b1d1cd3b9cad0763b9c634e606648daa884e5ee6d60d6ebc?s=96&d=mm&r=g\",\"contentUrl\":\"https:\/\/secure.gravatar.com\/avatar\/b7ceb8d4252728c0b1d1cd3b9cad0763b9c634e606648daa884e5ee6d60d6ebc?s=96&d=mm&r=g\",\"caption\":\"agobiernoparroquialdechican\"},\"url\":\"https:\/\/gobiernoparroquialdechican.gob.ec\/azuay\/author\/agobiernoparroquialdechican\/\"}]}<\/script>\n<!-- \/ Yoast SEO plugin. -->","yoast_head_json":{"title":"PROPUESTA Y VISI\u00d3N. - GAD parroquial Chic\u00e1n","robots":{"index":"index","follow":"follow","max-snippet":"max-snippet:-1","max-image-preview":"max-image-preview:large","max-video-preview":"max-video-preview:-1"},"canonical":"https:\/\/gobiernoparroquialdechican.gob.ec\/azuay\/principios-y-valores\/","og_locale":"es_ES","og_type":"article","og_title":"PROPUESTA Y VISI\u00d3N. - GAD parroquial Chic\u00e1n","og_description":"PLAN DE DESARROLLO Y ORDENAMIENTO TERRITORIAL PARROQUIAL DE CHIC\u00c1N. PROPUESTA. La fase de propuesta es muy importante dentro del proceso de elaboraci\u00f3n y\/o actualizaci\u00f3n del Plan de Desarrollo y Ordenamiento Territorial, ya que corresponde a la etapa propositiva, es decir a la planificaci\u00f3n misma del territorio de acuerdo a los resultados obtenidos en el diagn\u00f3stico, [&hellip;]","og_url":"https:\/\/gobiernoparroquialdechican.gob.ec\/azuay\/principios-y-valores\/","og_site_name":"GAD parroquial Chic\u00e1n","article_published_time":"2017-06-29T19:36:53+00:00","article_modified_time":"2023-01-25T17:48:31+00:00","author":"agobiernoparroquialdechican","twitter_card":"summary_large_image","twitter_misc":{"Escrito por":"agobiernoparroquialdechican","Tiempo de lectura":"2 minutos"},"schema":{"@context":"https:\/\/schema.org","@graph":[{"@type":"Article","@id":"https:\/\/gobiernoparroquialdechican.gob.ec\/azuay\/principios-y-valores\/#article","isPartOf":{"@id":"https:\/\/gobiernoparroquialdechican.gob.ec\/azuay\/principios-y-valores\/"},"author":{"name":"agobiernoparroquialdechican","@id":"https:\/\/gobiernoparroquialdechican.gob.ec\/azuay\/#\/schema\/person\/37c2deda1690697df1d7791959a3a1a8"},"headline":"PROPUESTA Y VISI\u00d3N.","datePublished":"2017-06-29T19:36:53+00:00","dateModified":"2023-01-25T17:48:31+00:00","mainEntityOfPage":{"@id":"https:\/\/gobiernoparroquialdechican.gob.ec\/azuay\/principios-y-valores\/"},"wordCount":337,"inLanguage":"es"},{"@type":"WebPage","@id":"https:\/\/gobiernoparroquialdechican.gob.ec\/azuay\/principios-y-valores\/","url":"https:\/\/gobiernoparroquialdechican.gob.ec\/azuay\/principios-y-valores\/","name":"PROPUESTA Y VISI\u00d3N. - GAD parroquial Chic\u00e1n","isPartOf":{"@id":"https:\/\/gobiernoparroquialdechican.gob.ec\/azuay\/#website"},"datePublished":"2017-06-29T19:36:53+00:00","dateModified":"2023-01-25T17:48:31+00:00","author":{"@id":"https:\/\/gobiernoparroquialdechican.gob.ec\/azuay\/#\/schema\/person\/37c2deda1690697df1d7791959a3a1a8"},"breadcrumb":{"@id":"https:\/\/gobiernoparroquialdechican.gob.ec\/azuay\/principios-y-valores\/#breadcrumb"},"inLanguage":"es","potentialAction":[{"@type":"ReadAction","target":["https:\/\/gobiernoparroquialdechican.gob.ec\/azuay\/principios-y-valores\/"]}]},{"@type":"BreadcrumbList","@id":"https:\/\/gobiernoparroquialdechican.gob.ec\/azuay\/principios-y-valores\/#breadcrumb","itemListElement":[{"@type":"ListItem","position":1,"name":"Home","item":"https:\/\/gobiernoparroquialdechican.gob.ec\/azuay\/"},{"@type":"ListItem","position":2,"name":"PROPUESTA Y VISI\u00d3N."}]},{"@type":"WebSite","@id":"https:\/\/gobiernoparroquialdechican.gob.ec\/azuay\/#website","url":"https:\/\/gobiernoparroquialdechican.gob.ec\/azuay\/","name":"GAD parroquial Chic\u00e1n","description":"Sitio Oficial del GAD Parroquial Chic\u00e1n Azuay","potentialAction":[{"@type":"SearchAction","target":{"@type":"EntryPoint","urlTemplate":"https:\/\/gobiernoparroquialdechican.gob.ec\/azuay\/?s={search_term_string}"},"query-input":{"@type":"PropertyValueSpecification","valueRequired":true,"valueName":"search_term_string"}}],"inLanguage":"es"},{"@type":"Person","@id":"https:\/\/gobiernoparroquialdechican.gob.ec\/azuay\/#\/schema\/person\/37c2deda1690697df1d7791959a3a1a8","name":"agobiernoparroquialdechican","image":{"@type":"ImageObject","inLanguage":"es","@id":"https:\/\/gobiernoparroquialdechican.gob.ec\/azuay\/#\/schema\/person\/image\/","url":"https:\/\/secure.gravatar.com\/avatar\/b7ceb8d4252728c0b1d1cd3b9cad0763b9c634e606648daa884e5ee6d60d6ebc?s=96&d=mm&r=g","contentUrl":"https:\/\/secure.gravatar.com\/avatar\/b7ceb8d4252728c0b1d1cd3b9cad0763b9c634e606648daa884e5ee6d60d6ebc?s=96&d=mm&r=g","caption":"agobiernoparroquialdechican"},"url":"https:\/\/gobiernoparroquialdechican.gob.ec\/azuay\/author\/agobiernoparroquialdechican\/"}]}},"_links":{"self":[{"href":"https:\/\/gobiernoparroquialdechican.gob.ec\/azuay\/wp-json\/wp\/v2\/posts\/121","targetHints":{"allow":["GET"]}}],"collection":[{"href":"https:\/\/gobiernoparroquialdechican.gob.ec\/azuay\/wp-json\/wp\/v2\/posts"}],"about":[{"href":"https:\/\/gobiernoparroquialdechican.gob.ec\/azuay\/wp-json\/wp\/v2\/types\/post"}],"author":[{"embeddable":true,"href":"https:\/\/gobiernoparroquialdechican.gob.ec\/azuay\/wp-json\/wp\/v2\/users\/8"}],"replies":[{"embeddable":true,"href":"https:\/\/gobiernoparroquialdechican.gob.ec\/azuay\/wp-json\/wp\/v2\/comments?post=121"}],"version-history":[{"count":10,"href":"https:\/\/gobiernoparroquialdechican.gob.ec\/azuay\/wp-json\/wp\/v2\/posts\/121\/revisions"}],"predecessor-version":[{"id":1521,"href":"https:\/\/gobiernoparroquialdechican.gob.ec\/azuay\/wp-json\/wp\/v2\/posts\/121\/revisions\/1521"}],"wp:attachment":[{"href":"https:\/\/gobiernoparroquialdechican.gob.ec\/azuay\/wp-json\/wp\/v2\/media?parent=121"}],"wp:term":[{"taxonomy":"category","embeddable":true,"href":"https:\/\/gobiernoparroquialdechican.gob.ec\/azuay\/wp-json\/wp\/v2\/categories?post=121"},{"taxonomy":"post_tag","embeddable":true,"href":"https:\/\/gobiernoparroquialdechican.gob.ec\/azuay\/wp-json\/wp\/v2\/tags?post=121"}],"curies":[{"name":"wp","href":"https:\/\/api.w.org\/{rel}","templated":true}]}}