{"id":105,"date":"2011-10-13T15:22:10","date_gmt":"2011-10-13T19:22:10","guid":{"rendered":"http:\/\/gobiernoparroquialdechican.gob.ec\/azuay\/?p=105"},"modified":"2023-01-25T13:38:32","modified_gmt":"2023-01-25T17:38:32","slug":"datos-generales","status":"publish","type":"post","link":"https:\/\/gobiernoparroquialdechican.gob.ec\/azuay\/datos-generales\/","title":{"rendered":"CARACTERIZACI\u00d3N GENERAL DE LA PARROQUIA CHIC\u00c1N."},"content":{"rendered":"<div style=\"overflow: auto; height: 970px;\">\n<div style=\"text-align: left;\">El 19 de octubre de 1936, con informe favorable del Honorable Concejo Municipal de Paute se emite la Ordenanza Suprema de creaci\u00f3n de la parroquia Guillermo Ortega, este nombre responde al inter\u00e9s de recordar a este ciudadano ilustre de la ciudad de Paute, quien fue el l\u00edder del movimiento c\u00edvico que logr\u00f3 la cantonizaci\u00f3n de su pueblo. El 18 de mayo de 1961, se aprueba el cambio de nombre de la parroquia para denominarse desde entonces hasta la actualidad con el nombre de \u201cChic\u00e1n\u201d, que pertenece al lenguaje Ca\u00f1ari y hace referencia a algo extra\u00f1o, distinto o diferente.<\/div>\n<div><\/div>\n<div style=\"text-align: left;\"><\/div>\n<div style=\"text-align: left;\">El territorio parroquial se encuentra situado en la zona oriental de la provincia del Azuay, en la parte sureste del cant\u00f3n Paute, limitando al Norte con la parroquia urbana Paute y el cant\u00f3n Guachapala; al Sur con el cant\u00f3n Gualaceo; al Este con los cantones Guachapala y Gualaceo; al Oeste con las parroquias de Paute y El Cabo con la presencia del R\u00edo Paute como l\u00edmite natural de los territorios parroquiales mencionados y como mayor referencia dentro de la red h\u00eddrica de la parroquia pues adicionalmente se presentan peque\u00f1as quebradas que llevan el agua desde las zonas altas del territorio hacia el R\u00edo Paute.<\/div>\n<div style=\"text-align: left;\"><\/div>\n<div style=\"text-align: left;\">El sistema vial est\u00e1 marcado por la importancia de la V\u00eda Interoce\u00e1nica, que conecta la zona Austral del Ecuador con el territorio Oriental, concretamente une las provincias de Ca\u00f1ar y Azuay con Morona Santiago, esta importante arteria se encuentra a pocos metros de la comunidad de Uzhupud; adem\u00e1s la parroquia posee v\u00edas de conexi\u00f3n con importantes centros poblados como la cabecera cantonal de Paute, parroquia El Cabo, cant\u00f3n Guachapala, parroquia Mariano Moreno y el sector de C\u00e9rtag pertenecientes al cant\u00f3n Gualaceo, entre otros.<\/div>\n<div style=\"text-align: left;\"><\/div>\n<div style=\"text-align: left;\">El \u00edndice de crecimiento poblacional es positivo aunque muy bajo, de acuerdo a los censos de los a\u00f1os 1990, 2001 y 2010 realizados por el Instituto Nacional de Estad\u00edsticas y Censos INEC, el n\u00famero de habitantes es de 2672, 3330 y 3644 personas respectivamente. Los 3644 habitantes establecidos en la parroquia Chic\u00e1n en el a\u00f1o 2010, representan el 14.29% de la poblaci\u00f3n cantonal, de estos, 362 personas se encuentran en el \u00e1rea urbana y 3282 personas en el \u00e1rea rural.<\/div>\n<div style=\"text-align: left;\"><\/div>\n<div style=\"text-align: left;\">La densidad poblacional de acuerdo a los datos de superficie y poblaci\u00f3n parroquial es de 1.48 hab\/ha, evidenciando que estamos en un territorio netamente rural en donde la poblaci\u00f3n es muy dispersa y las \u00e1reas urbanas son m\u00ednimas.<\/div>\n<div style=\"text-align: left;\"><img fetchpriority=\"high\" decoding=\"async\" class=\" wp-image-1470 alignleft\" src=\"https:\/\/gobiernoparroquialdechican.gob.ec\/azuay\/wp-content\/uploads\/2022\/05\/16-550x412.png\" alt=\"\" width=\"595\" height=\"446\" data-id=\"1470\" srcset=\"https:\/\/gobiernoparroquialdechican.gob.ec\/azuay\/wp-content\/uploads\/2022\/05\/16-550x412.png 550w, https:\/\/gobiernoparroquialdechican.gob.ec\/azuay\/wp-content\/uploads\/2022\/05\/16-1024x768.png 1024w, https:\/\/gobiernoparroquialdechican.gob.ec\/azuay\/wp-content\/uploads\/2022\/05\/16-768x576.png 768w, https:\/\/gobiernoparroquialdechican.gob.ec\/azuay\/wp-content\/uploads\/2022\/05\/16-1536x1152.png 1536w, https:\/\/gobiernoparroquialdechican.gob.ec\/azuay\/wp-content\/uploads\/2022\/05\/16.png 1890w\" sizes=\"(max-width: 595px) 100vw, 595px\" \/> <img decoding=\"async\" class=\"wp-image-1469 alignright\" src=\"https:\/\/gobiernoparroquialdechican.gob.ec\/azuay\/wp-content\/uploads\/2022\/05\/15-550x412.png\" alt=\"\" width=\"585\" height=\"438\" data-id=\"1469\" srcset=\"https:\/\/gobiernoparroquialdechican.gob.ec\/azuay\/wp-content\/uploads\/2022\/05\/15-550x412.png 550w, https:\/\/gobiernoparroquialdechican.gob.ec\/azuay\/wp-content\/uploads\/2022\/05\/15-1024x768.png 1024w, https:\/\/gobiernoparroquialdechican.gob.ec\/azuay\/wp-content\/uploads\/2022\/05\/15-768x576.png 768w, https:\/\/gobiernoparroquialdechican.gob.ec\/azuay\/wp-content\/uploads\/2022\/05\/15-1536x1152.png 1536w, https:\/\/gobiernoparroquialdechican.gob.ec\/azuay\/wp-content\/uploads\/2022\/05\/15.png 1890w\" sizes=\"(max-width: 585px) 100vw, 585px\" \/><\/div>\n<\/div>\n","protected":false},"excerpt":{"rendered":"<p>El 19 de octubre de 1936, con informe favorable del Honorable Concejo Municipal de Paute se emite la Ordenanza Suprema de creaci\u00f3n de la parroquia Guillermo Ortega, este nombre responde al inter\u00e9s de recordar a este ciudadano ilustre de la ciudad de Paute, quien fue el l\u00edder del movimiento c\u00edvico que logr\u00f3 la cantonizaci\u00f3n de [&hellip;]<\/p>\n","protected":false},"author":8,"featured_media":0,"comment_status":"closed","ping_status":"closed","sticky":false,"template":"","format":"standard","meta":{"footnotes":""},"categories":[1],"tags":[],"class_list":["post-105","post","type-post","status-publish","format-standard","hentry","category-sin-categoria"],"yoast_head":"<!-- This site is optimized with the Yoast SEO plugin v26.9 - https:\/\/yoast.com\/product\/yoast-seo-wordpress\/ -->\n<title>CARACTERIZACI\u00d3N GENERAL DE LA PARROQUIA CHIC\u00c1N. - GAD parroquial Chic\u00e1n<\/title>\n<meta name=\"robots\" content=\"index, follow, max-snippet:-1, max-image-preview:large, max-video-preview:-1\" \/>\n<link rel=\"canonical\" href=\"https:\/\/gobiernoparroquialdechican.gob.ec\/azuay\/datos-generales\/\" \/>\n<meta property=\"og:locale\" content=\"es_ES\" \/>\n<meta property=\"og:type\" content=\"article\" \/>\n<meta property=\"og:title\" content=\"CARACTERIZACI\u00d3N GENERAL DE LA PARROQUIA CHIC\u00c1N. - GAD parroquial Chic\u00e1n\" \/>\n<meta property=\"og:description\" content=\"El 19 de octubre de 1936, con informe favorable del Honorable Concejo Municipal de Paute se emite la Ordenanza Suprema de creaci\u00f3n de la parroquia Guillermo Ortega, este nombre responde al inter\u00e9s de recordar a este ciudadano ilustre de la ciudad de Paute, quien fue el l\u00edder del movimiento c\u00edvico que logr\u00f3 la cantonizaci\u00f3n de [&hellip;]\" \/>\n<meta property=\"og:url\" content=\"https:\/\/gobiernoparroquialdechican.gob.ec\/azuay\/datos-generales\/\" \/>\n<meta property=\"og:site_name\" content=\"GAD parroquial Chic\u00e1n\" \/>\n<meta property=\"article:published_time\" content=\"2011-10-13T19:22:10+00:00\" \/>\n<meta property=\"article:modified_time\" content=\"2023-01-25T17:38:32+00:00\" \/>\n<meta property=\"og:image\" content=\"https:\/\/gobiernoparroquialdechican.gob.ec\/azuay\/wp-content\/uploads\/2022\/05\/16-550x412.png\" \/>\n<meta name=\"author\" content=\"agobiernoparroquialdechican\" \/>\n<meta name=\"twitter:card\" content=\"summary_large_image\" \/>\n<meta name=\"twitter:label1\" content=\"Escrito por\" \/>\n\t<meta name=\"twitter:data1\" content=\"agobiernoparroquialdechican\" \/>\n\t<meta name=\"twitter:label2\" content=\"Tiempo de lectura\" \/>\n\t<meta name=\"twitter:data2\" content=\"3 minutos\" \/>\n<script type=\"application\/ld+json\" class=\"yoast-schema-graph\">{\"@context\":\"https:\/\/schema.org\",\"@graph\":[{\"@type\":\"Article\",\"@id\":\"https:\/\/gobiernoparroquialdechican.gob.ec\/azuay\/datos-generales\/#article\",\"isPartOf\":{\"@id\":\"https:\/\/gobiernoparroquialdechican.gob.ec\/azuay\/datos-generales\/\"},\"author\":{\"name\":\"agobiernoparroquialdechican\",\"@id\":\"https:\/\/gobiernoparroquialdechican.gob.ec\/azuay\/#\/schema\/person\/37c2deda1690697df1d7791959a3a1a8\"},\"headline\":\"CARACTERIZACI\u00d3N GENERAL DE LA PARROQUIA CHIC\u00c1N.\",\"datePublished\":\"2011-10-13T19:22:10+00:00\",\"dateModified\":\"2023-01-25T17:38:32+00:00\",\"mainEntityOfPage\":{\"@id\":\"https:\/\/gobiernoparroquialdechican.gob.ec\/azuay\/datos-generales\/\"},\"wordCount\":430,\"image\":{\"@id\":\"https:\/\/gobiernoparroquialdechican.gob.ec\/azuay\/datos-generales\/#primaryimage\"},\"thumbnailUrl\":\"https:\/\/gobiernoparroquialdechican.gob.ec\/azuay\/wp-content\/uploads\/2022\/05\/16-550x412.png\",\"inLanguage\":\"es\"},{\"@type\":\"WebPage\",\"@id\":\"https:\/\/gobiernoparroquialdechican.gob.ec\/azuay\/datos-generales\/\",\"url\":\"https:\/\/gobiernoparroquialdechican.gob.ec\/azuay\/datos-generales\/\",\"name\":\"CARACTERIZACI\u00d3N GENERAL DE LA PARROQUIA CHIC\u00c1N. - GAD parroquial Chic\u00e1n\",\"isPartOf\":{\"@id\":\"https:\/\/gobiernoparroquialdechican.gob.ec\/azuay\/#website\"},\"primaryImageOfPage\":{\"@id\":\"https:\/\/gobiernoparroquialdechican.gob.ec\/azuay\/datos-generales\/#primaryimage\"},\"image\":{\"@id\":\"https:\/\/gobiernoparroquialdechican.gob.ec\/azuay\/datos-generales\/#primaryimage\"},\"thumbnailUrl\":\"https:\/\/gobiernoparroquialdechican.gob.ec\/azuay\/wp-content\/uploads\/2022\/05\/16-550x412.png\",\"datePublished\":\"2011-10-13T19:22:10+00:00\",\"dateModified\":\"2023-01-25T17:38:32+00:00\",\"author\":{\"@id\":\"https:\/\/gobiernoparroquialdechican.gob.ec\/azuay\/#\/schema\/person\/37c2deda1690697df1d7791959a3a1a8\"},\"breadcrumb\":{\"@id\":\"https:\/\/gobiernoparroquialdechican.gob.ec\/azuay\/datos-generales\/#breadcrumb\"},\"inLanguage\":\"es\",\"potentialAction\":[{\"@type\":\"ReadAction\",\"target\":[\"https:\/\/gobiernoparroquialdechican.gob.ec\/azuay\/datos-generales\/\"]}]},{\"@type\":\"ImageObject\",\"inLanguage\":\"es\",\"@id\":\"https:\/\/gobiernoparroquialdechican.gob.ec\/azuay\/datos-generales\/#primaryimage\",\"url\":\"https:\/\/gobiernoparroquialdechican.gob.ec\/azuay\/wp-content\/uploads\/2022\/05\/16.png\",\"contentUrl\":\"https:\/\/gobiernoparroquialdechican.gob.ec\/azuay\/wp-content\/uploads\/2022\/05\/16.png\",\"width\":1890,\"height\":1417},{\"@type\":\"BreadcrumbList\",\"@id\":\"https:\/\/gobiernoparroquialdechican.gob.ec\/azuay\/datos-generales\/#breadcrumb\",\"itemListElement\":[{\"@type\":\"ListItem\",\"position\":1,\"name\":\"Home\",\"item\":\"https:\/\/gobiernoparroquialdechican.gob.ec\/azuay\/\"},{\"@type\":\"ListItem\",\"position\":2,\"name\":\"CARACTERIZACI\u00d3N GENERAL DE LA PARROQUIA CHIC\u00c1N.\"}]},{\"@type\":\"WebSite\",\"@id\":\"https:\/\/gobiernoparroquialdechican.gob.ec\/azuay\/#website\",\"url\":\"https:\/\/gobiernoparroquialdechican.gob.ec\/azuay\/\",\"name\":\"GAD parroquial Chic\u00e1n\",\"description\":\"Sitio Oficial del GAD Parroquial Chic\u00e1n Azuay\",\"potentialAction\":[{\"@type\":\"SearchAction\",\"target\":{\"@type\":\"EntryPoint\",\"urlTemplate\":\"https:\/\/gobiernoparroquialdechican.gob.ec\/azuay\/?s={search_term_string}\"},\"query-input\":{\"@type\":\"PropertyValueSpecification\",\"valueRequired\":true,\"valueName\":\"search_term_string\"}}],\"inLanguage\":\"es\"},{\"@type\":\"Person\",\"@id\":\"https:\/\/gobiernoparroquialdechican.gob.ec\/azuay\/#\/schema\/person\/37c2deda1690697df1d7791959a3a1a8\",\"name\":\"agobiernoparroquialdechican\",\"image\":{\"@type\":\"ImageObject\",\"inLanguage\":\"es\",\"@id\":\"https:\/\/gobiernoparroquialdechican.gob.ec\/azuay\/#\/schema\/person\/image\/\",\"url\":\"https:\/\/secure.gravatar.com\/avatar\/b7ceb8d4252728c0b1d1cd3b9cad0763b9c634e606648daa884e5ee6d60d6ebc?s=96&d=mm&r=g\",\"contentUrl\":\"https:\/\/secure.gravatar.com\/avatar\/b7ceb8d4252728c0b1d1cd3b9cad0763b9c634e606648daa884e5ee6d60d6ebc?s=96&d=mm&r=g\",\"caption\":\"agobiernoparroquialdechican\"},\"url\":\"https:\/\/gobiernoparroquialdechican.gob.ec\/azuay\/author\/agobiernoparroquialdechican\/\"}]}<\/script>\n<!-- \/ Yoast SEO plugin. -->","yoast_head_json":{"title":"CARACTERIZACI\u00d3N GENERAL DE LA PARROQUIA CHIC\u00c1N. - GAD parroquial Chic\u00e1n","robots":{"index":"index","follow":"follow","max-snippet":"max-snippet:-1","max-image-preview":"max-image-preview:large","max-video-preview":"max-video-preview:-1"},"canonical":"https:\/\/gobiernoparroquialdechican.gob.ec\/azuay\/datos-generales\/","og_locale":"es_ES","og_type":"article","og_title":"CARACTERIZACI\u00d3N GENERAL DE LA PARROQUIA CHIC\u00c1N. - GAD parroquial Chic\u00e1n","og_description":"El 19 de octubre de 1936, con informe favorable del Honorable Concejo Municipal de Paute se emite la Ordenanza Suprema de creaci\u00f3n de la parroquia Guillermo Ortega, este nombre responde al inter\u00e9s de recordar a este ciudadano ilustre de la ciudad de Paute, quien fue el l\u00edder del movimiento c\u00edvico que logr\u00f3 la cantonizaci\u00f3n de [&hellip;]","og_url":"https:\/\/gobiernoparroquialdechican.gob.ec\/azuay\/datos-generales\/","og_site_name":"GAD parroquial Chic\u00e1n","article_published_time":"2011-10-13T19:22:10+00:00","article_modified_time":"2023-01-25T17:38:32+00:00","og_image":[{"url":"https:\/\/gobiernoparroquialdechican.gob.ec\/azuay\/wp-content\/uploads\/2022\/05\/16-550x412.png","type":"","width":"","height":""}],"author":"agobiernoparroquialdechican","twitter_card":"summary_large_image","twitter_misc":{"Escrito por":"agobiernoparroquialdechican","Tiempo de lectura":"3 minutos"},"schema":{"@context":"https:\/\/schema.org","@graph":[{"@type":"Article","@id":"https:\/\/gobiernoparroquialdechican.gob.ec\/azuay\/datos-generales\/#article","isPartOf":{"@id":"https:\/\/gobiernoparroquialdechican.gob.ec\/azuay\/datos-generales\/"},"author":{"name":"agobiernoparroquialdechican","@id":"https:\/\/gobiernoparroquialdechican.gob.ec\/azuay\/#\/schema\/person\/37c2deda1690697df1d7791959a3a1a8"},"headline":"CARACTERIZACI\u00d3N GENERAL DE LA PARROQUIA CHIC\u00c1N.","datePublished":"2011-10-13T19:22:10+00:00","dateModified":"2023-01-25T17:38:32+00:00","mainEntityOfPage":{"@id":"https:\/\/gobiernoparroquialdechican.gob.ec\/azuay\/datos-generales\/"},"wordCount":430,"image":{"@id":"https:\/\/gobiernoparroquialdechican.gob.ec\/azuay\/datos-generales\/#primaryimage"},"thumbnailUrl":"https:\/\/gobiernoparroquialdechican.gob.ec\/azuay\/wp-content\/uploads\/2022\/05\/16-550x412.png","inLanguage":"es"},{"@type":"WebPage","@id":"https:\/\/gobiernoparroquialdechican.gob.ec\/azuay\/datos-generales\/","url":"https:\/\/gobiernoparroquialdechican.gob.ec\/azuay\/datos-generales\/","name":"CARACTERIZACI\u00d3N GENERAL DE LA PARROQUIA CHIC\u00c1N. - GAD parroquial Chic\u00e1n","isPartOf":{"@id":"https:\/\/gobiernoparroquialdechican.gob.ec\/azuay\/#website"},"primaryImageOfPage":{"@id":"https:\/\/gobiernoparroquialdechican.gob.ec\/azuay\/datos-generales\/#primaryimage"},"image":{"@id":"https:\/\/gobiernoparroquialdechican.gob.ec\/azuay\/datos-generales\/#primaryimage"},"thumbnailUrl":"https:\/\/gobiernoparroquialdechican.gob.ec\/azuay\/wp-content\/uploads\/2022\/05\/16-550x412.png","datePublished":"2011-10-13T19:22:10+00:00","dateModified":"2023-01-25T17:38:32+00:00","author":{"@id":"https:\/\/gobiernoparroquialdechican.gob.ec\/azuay\/#\/schema\/person\/37c2deda1690697df1d7791959a3a1a8"},"breadcrumb":{"@id":"https:\/\/gobiernoparroquialdechican.gob.ec\/azuay\/datos-generales\/#breadcrumb"},"inLanguage":"es","potentialAction":[{"@type":"ReadAction","target":["https:\/\/gobiernoparroquialdechican.gob.ec\/azuay\/datos-generales\/"]}]},{"@type":"ImageObject","inLanguage":"es","@id":"https:\/\/gobiernoparroquialdechican.gob.ec\/azuay\/datos-generales\/#primaryimage","url":"https:\/\/gobiernoparroquialdechican.gob.ec\/azuay\/wp-content\/uploads\/2022\/05\/16.png","contentUrl":"https:\/\/gobiernoparroquialdechican.gob.ec\/azuay\/wp-content\/uploads\/2022\/05\/16.png","width":1890,"height":1417},{"@type":"BreadcrumbList","@id":"https:\/\/gobiernoparroquialdechican.gob.ec\/azuay\/datos-generales\/#breadcrumb","itemListElement":[{"@type":"ListItem","position":1,"name":"Home","item":"https:\/\/gobiernoparroquialdechican.gob.ec\/azuay\/"},{"@type":"ListItem","position":2,"name":"CARACTERIZACI\u00d3N GENERAL DE LA PARROQUIA CHIC\u00c1N."}]},{"@type":"WebSite","@id":"https:\/\/gobiernoparroquialdechican.gob.ec\/azuay\/#website","url":"https:\/\/gobiernoparroquialdechican.gob.ec\/azuay\/","name":"GAD parroquial Chic\u00e1n","description":"Sitio Oficial del GAD Parroquial Chic\u00e1n Azuay","potentialAction":[{"@type":"SearchAction","target":{"@type":"EntryPoint","urlTemplate":"https:\/\/gobiernoparroquialdechican.gob.ec\/azuay\/?s={search_term_string}"},"query-input":{"@type":"PropertyValueSpecification","valueRequired":true,"valueName":"search_term_string"}}],"inLanguage":"es"},{"@type":"Person","@id":"https:\/\/gobiernoparroquialdechican.gob.ec\/azuay\/#\/schema\/person\/37c2deda1690697df1d7791959a3a1a8","name":"agobiernoparroquialdechican","image":{"@type":"ImageObject","inLanguage":"es","@id":"https:\/\/gobiernoparroquialdechican.gob.ec\/azuay\/#\/schema\/person\/image\/","url":"https:\/\/secure.gravatar.com\/avatar\/b7ceb8d4252728c0b1d1cd3b9cad0763b9c634e606648daa884e5ee6d60d6ebc?s=96&d=mm&r=g","contentUrl":"https:\/\/secure.gravatar.com\/avatar\/b7ceb8d4252728c0b1d1cd3b9cad0763b9c634e606648daa884e5ee6d60d6ebc?s=96&d=mm&r=g","caption":"agobiernoparroquialdechican"},"url":"https:\/\/gobiernoparroquialdechican.gob.ec\/azuay\/author\/agobiernoparroquialdechican\/"}]}},"_links":{"self":[{"href":"https:\/\/gobiernoparroquialdechican.gob.ec\/azuay\/wp-json\/wp\/v2\/posts\/105","targetHints":{"allow":["GET"]}}],"collection":[{"href":"https:\/\/gobiernoparroquialdechican.gob.ec\/azuay\/wp-json\/wp\/v2\/posts"}],"about":[{"href":"https:\/\/gobiernoparroquialdechican.gob.ec\/azuay\/wp-json\/wp\/v2\/types\/post"}],"author":[{"embeddable":true,"href":"https:\/\/gobiernoparroquialdechican.gob.ec\/azuay\/wp-json\/wp\/v2\/users\/8"}],"replies":[{"embeddable":true,"href":"https:\/\/gobiernoparroquialdechican.gob.ec\/azuay\/wp-json\/wp\/v2\/comments?post=105"}],"version-history":[{"count":6,"href":"https:\/\/gobiernoparroquialdechican.gob.ec\/azuay\/wp-json\/wp\/v2\/posts\/105\/revisions"}],"predecessor-version":[{"id":1519,"href":"https:\/\/gobiernoparroquialdechican.gob.ec\/azuay\/wp-json\/wp\/v2\/posts\/105\/revisions\/1519"}],"wp:attachment":[{"href":"https:\/\/gobiernoparroquialdechican.gob.ec\/azuay\/wp-json\/wp\/v2\/media?parent=105"}],"wp:term":[{"taxonomy":"category","embeddable":true,"href":"https:\/\/gobiernoparroquialdechican.gob.ec\/azuay\/wp-json\/wp\/v2\/categories?post=105"},{"taxonomy":"post_tag","embeddable":true,"href":"https:\/\/gobiernoparroquialdechican.gob.ec\/azuay\/wp-json\/wp\/v2\/tags?post=105"}],"curies":[{"name":"wp","href":"https:\/\/api.w.org\/{rel}","templated":true}]}}