{"id":104,"date":"2017-03-24T15:21:00","date_gmt":"2017-03-24T19:21:00","guid":{"rendered":"http:\/\/gobiernoparroquialdechican.gob.ec\/azuay\/?p=104"},"modified":"2023-05-25T10:30:16","modified_gmt":"2023-05-25T14:30:16","slug":"instituciones","status":"publish","type":"post","link":"https:\/\/gobiernoparroquialdechican.gob.ec\/azuay\/instituciones\/","title":{"rendered":"INSTITUCIONES P\u00daBLICAS."},"content":{"rendered":"<ul>\n<li style=\"text-align: justify;\">\n<hr \/>\n<\/li>\n<\/ul>\n<h2 style=\"text-align: center;\"><span style=\"text-decoration: underline;\"><span style=\"font-family: book antiqua, palatino, serif;\"><strong><span style=\"color: #000000; text-decoration: underline;\"><span style=\"color: #000080; text-decoration: underline;\"><span style=\"color: #003366; text-decoration: underline;\">GOBIERNO PARROQUIAL DE CHIC\u00c1N<\/span><\/span><\/span><\/strong><\/span><\/span><\/h2>\n<h2 style=\"text-align: center;\"><span style=\"text-decoration: underline;\"><span style=\"font-family: book antiqua, palatino, serif; color: #003366; text-decoration: underline;\"><strong>ADMINISTRACI\u00d3N 2023-2027<\/strong><\/span><\/span><\/h2>\n<pre><span style=\"color: #003366;\"> \u00a0<\/span>\r\n <span style=\"font-size: 14pt;\"><em><strong>PRESIDENTE:<\/strong><\/em> Dany Xavier Tapia Figueroa                                           <strong>                              TEL\u00c9FONO:<\/strong> (07) 2125002\r\n \u00a0   Correo: tapiaf_23_1988@hotmail.es\r\n     Contacto: 0985047765\r\n<em><strong>\r\n  \r\n VICEPRESIDENTA:<\/strong><\/em> Lourdes Cecilia Cuji C\u00e1rdenas\r\n     Correo: ceci_cuji@hotmail.com\r\n     Contacto: 0995308011\r\n \u00a0\r\n <strong>PRIMER <\/strong><em><strong>VOCAL:<\/strong><\/em>Luis Olmedo Guachun Macas\r\n     Correo: olmedoguachun87@gmail.com\r\n     Contacto: 0979052560\r\n  \r\n<strong>\u00a0SEGUNDA<\/strong> <em><strong>VOCAL:<\/strong><\/em> Tania Katherine Arizaga Piedra \r\n     Correo: katherine.95ap@gmail.com\r\n     Contacto: 0989436046\r\n  \r\n <strong>TERCER<\/strong> <em><strong>VOCAL:<\/strong><\/em> Wilson Alejandro Naula Viri\r\n     Correo: wilsonnau76@gmail.com\r\n     Contacto: 0982512912\r\n\r\n<\/span><\/pre>\n<ul>\n<li>\n<hr \/>\n<\/li>\n<\/ul>\n<h2 style=\"text-align: center;\"><span style=\"text-decoration: underline;\"><span style=\"font-size: 14pt;\"><span style=\"color: #000000; text-decoration: underline;\"><span style=\"font-size: 18pt; color: #003366; text-decoration: underline;\"><strong>TENENCIA POLITICA CHIC\u00c1N<\/strong><\/span><\/span><\/span><\/span><\/h2>\n<pre><span style=\"font-size: 14pt;\"> \u00a0 \r\n<strong>TENIENTE:<\/strong> Sr. John C\u00e1ceres Andrade                                                                              <strong>  TEL\u00c9FONO: \r\n<\/strong>     Correo: johnkennedycaceres@hotmail.com   \r\n    \u00a0Contacto: 0981650786<\/span><\/pre>\n<ul>\n<li>\n<hr \/>\n<\/li>\n<\/ul>\n<p style=\"text-align: center;\"><span style=\"text-decoration: underline; font-size: 18pt;\"><span style=\"color: #003366;\"><strong>UNIDAD DE POLICIA COMUNITARIA<\/strong><\/span><\/span><\/p>\n<pre><span style=\"font-size: 14pt;\"> \u00a0<strong>  Sargento Primero <\/strong>Byron Orrala \u00a0\u00a0\u00a0\u00a0 \r\n \u00a0\u00a0  Contacto: 0989788795<\/span><\/pre>\n<ul>\n<li>\n<hr \/>\n<\/li>\n<\/ul>\n<p style=\"text-align: center;\"><span style=\"text-decoration: underline; font-size: 18pt;\"><span style=\"color: #003366;\"><strong>UNIDAD OPERATIVA DE SALUD<\/strong><\/span><\/span><\/p>\n<pre><span style=\"font-size: 14pt;\"> \u00a0\u00a0<strong> ADMINISTRADOR TECNICA:<\/strong> MED. Christian Cajisaca                                                                   <strong> TEL\u00c9FONO:<\/strong> (07) 2125028\r\n \u00a0\u00a0 <strong>MEDICO FAMILIAR:<\/strong> Med. Ivonne Chulca\r\n<\/span><\/pre>\n<ul>\n<li>\n<hr \/>\n<\/li>\n<\/ul>\n<p style=\"text-align: center;\"><span style=\"text-decoration: underline; color: #003366;\"><span style=\"font-size: 18pt;\"><strong>SEGURO SOCIAL CAMPESINO<\/strong><\/span><\/span><\/p>\n<pre><span style=\"font-size: 14pt;\"> \u00a0\u00a0<strong> DIRECTOR: <\/strong> Dr. Segundo Tenezaca\r\n      Contacto: 0989036954\r\n<\/span><\/pre>\n<ul>\n<li>\n<hr \/>\n<\/li>\n<\/ul>\n<p style=\"text-align: center;\"><span style=\"font-size: 14pt;\"><strong><span style=\"color: #000000;\"><span style=\"text-decoration: underline;\"><span style=\"color: #003366; font-size: 18pt; text-decoration: underline;\">PUNTO DIGITALES GRATUITOS &#8211; CHIC\u00c1N<\/span><\/span><br \/>\n<\/span><\/strong><\/span><\/p>\n<pre><span style=\"font-size: 14pt;\"> \u00a0 <strong> FACILITADORA:<\/strong> Srta. Karen Morocho Castillo\r\n      Correo: pde.azui030.2022@gmail.com\r\n      Contacto: 0999507998\r\n<\/span><\/pre>\n<ul>\n<li>\n<hr \/>\n<\/li>\n<\/ul>\n<p style=\"text-align: center;\"><span style=\"text-decoration: underline;\"><span style=\"font-size: 18pt; color: #003366;\"><strong>UNIDADES EDUCATIVAS<\/strong><\/span><\/span><\/p>\n<ul>\n<li>\n<pre><span style=\"font-size: 14pt;\"><strong>UNIDAD EDUCATIVA \"MANUEL J. CALLE \".\r\nUbicaci\u00f3n: Barrio La Florida - Parroquia Chic\u00e1n\r\n<\/strong>      \u00a0RECTOR: Lcdo. Paulino Cardenas\r\n       Contacto: 0959682772\r\n\r\n<\/span><\/pre>\n<\/li>\n<\/ul>\n<ul>\n<li>\n<pre><span style=\"font-size: 14pt;\"><strong>UNIDAD EDUCATIVA<\/strong> <strong>\"MODESTO VINTIMILLA\".\r\nUbicaci\u00f3n: Comunidad de Uzhupud - Parroquia Chic\u00e1n\r\n<\/strong> \u00a0\u00a0\u00a0 \u00a0 RECTOR:\u00a0 Lcdo. Antonio Guevara\r\n       Contacto:\r\n\r\n<\/span><\/pre>\n<\/li>\n<\/ul>\n<ul>\n<li>\n<pre><span style=\"font-size: 14pt;\"><strong>UNIDAD EDUCATIVA<\/strong> <strong>\"AGRONOMICO SALESIANO\".\r\nUbicaci\u00f3n: Comunidad de Uzhupud- Parroquia Chic\u00e1n\r\n<\/strong> \u00a0\u00a0   \u00a0RECTOR: Ing. Saul Guam\u00e1n \r\n       Contacto: 0999123375\r\n<\/span><\/pre>\n<\/li>\n<\/ul>\n<ul>\n<li>\n<pre><span style=\"font-size: 14pt;\"><strong>UNIDAD EDUCATIVA \"GERARDO CORDERO Y LE\u00d3N\"\r\nUbicaci\u00f3n: Comunidad de Aguas Blancas - Parroquia Chic\u00e1n\r\n<\/strong> \u00a0\u00a0\u00a0\u00a0  DIRECTORA<strong>:<\/strong> Lcda. Anita Barros\r\n       Contacto: 0969072360\r\n\r\n<\/span><\/pre>\n<\/li>\n<\/ul>\n<ul>\n<li>\n<pre><span style=\"font-size: 14pt;\"><strong>UNIDAD EDUCATIVA<\/strong> <strong>\"JOSE MARIA RODRIGUEZ \".\r\nUbicaci\u00f3n: Comunidad de Maras - Parroquia Chic\u00e1n\r\n<\/strong> \u00a0\u00a0\u00a0\u00a0\u00a0 DIRECTORA: Lcda. Mar\u00eda Jos\u00e9 Arias\r\n       Contacto:  0993304111<\/span><\/pre>\n<\/li>\n<\/ul>\n<p>&nbsp;<\/p>\n","protected":false},"excerpt":{"rendered":"<p>GOBIERNO PARROQUIAL DE CHIC\u00c1N ADMINISTRACI\u00d3N 2023-2027 \u00a0 PRESIDENTE: Dany Xavier Tapia Figueroa TEL\u00c9FONO: (07) 2125002 \u00a0 Correo: tapiaf_23_1988@hotmail.es Contacto: 0985047765 VICEPRESIDENTA: Lourdes Cecilia Cuji C\u00e1rdenas Correo: ceci_cuji@hotmail.com Contacto: 0995308011 \u00a0 PRIMER VOCAL:Luis Olmedo Guachun Macas Correo: olmedoguachun87@gmail.com Contacto: 0979052560 \u00a0SEGUNDA VOCAL: Tania Katherine Arizaga Piedra Correo: katherine.95ap@gmail.com Contacto: 0989436046 TERCER VOCAL: Wilson Alejandro Naula Viri [&hellip;]<\/p>\n","protected":false},"author":8,"featured_media":0,"comment_status":"closed","ping_status":"closed","sticky":false,"template":"","format":"standard","meta":{"footnotes":""},"categories":[1],"tags":[],"class_list":["post-104","post","type-post","status-publish","format-standard","hentry","category-sin-categoria"],"yoast_head":"<!-- This site is optimized with the Yoast SEO plugin v26.9 - https:\/\/yoast.com\/product\/yoast-seo-wordpress\/ -->\n<title>INSTITUCIONES P\u00daBLICAS. - GAD parroquial Chic\u00e1n<\/title>\n<meta name=\"robots\" content=\"index, follow, max-snippet:-1, max-image-preview:large, max-video-preview:-1\" \/>\n<link rel=\"canonical\" href=\"https:\/\/gobiernoparroquialdechican.gob.ec\/azuay\/instituciones\/\" \/>\n<meta property=\"og:locale\" content=\"es_ES\" \/>\n<meta property=\"og:type\" content=\"article\" \/>\n<meta property=\"og:title\" content=\"INSTITUCIONES P\u00daBLICAS. - GAD parroquial Chic\u00e1n\" \/>\n<meta property=\"og:description\" content=\"GOBIERNO PARROQUIAL DE CHIC\u00c1N ADMINISTRACI\u00d3N 2023-2027 \u00a0 PRESIDENTE: Dany Xavier Tapia Figueroa TEL\u00c9FONO: (07) 2125002 \u00a0 Correo: tapiaf_23_1988@hotmail.es Contacto: 0985047765 VICEPRESIDENTA: Lourdes Cecilia Cuji C\u00e1rdenas Correo: ceci_cuji@hotmail.com Contacto: 0995308011 \u00a0 PRIMER VOCAL:Luis Olmedo Guachun Macas Correo: olmedoguachun87@gmail.com Contacto: 0979052560 \u00a0SEGUNDA VOCAL: Tania Katherine Arizaga Piedra Correo: katherine.95ap@gmail.com Contacto: 0989436046 TERCER VOCAL: Wilson Alejandro Naula Viri [&hellip;]\" \/>\n<meta property=\"og:url\" content=\"https:\/\/gobiernoparroquialdechican.gob.ec\/azuay\/instituciones\/\" \/>\n<meta property=\"og:site_name\" content=\"GAD parroquial Chic\u00e1n\" \/>\n<meta property=\"article:published_time\" content=\"2017-03-24T19:21:00+00:00\" \/>\n<meta property=\"article:modified_time\" content=\"2023-05-25T14:30:16+00:00\" \/>\n<meta name=\"author\" content=\"agobiernoparroquialdechican\" \/>\n<meta name=\"twitter:card\" content=\"summary_large_image\" \/>\n<meta name=\"twitter:label1\" content=\"Escrito por\" \/>\n\t<meta name=\"twitter:data1\" content=\"agobiernoparroquialdechican\" \/>\n\t<meta name=\"twitter:label2\" content=\"Tiempo de lectura\" \/>\n\t<meta name=\"twitter:data2\" content=\"1 minuto\" \/>\n<script type=\"application\/ld+json\" class=\"yoast-schema-graph\">{\"@context\":\"https:\/\/schema.org\",\"@graph\":[{\"@type\":\"Article\",\"@id\":\"https:\/\/gobiernoparroquialdechican.gob.ec\/azuay\/instituciones\/#article\",\"isPartOf\":{\"@id\":\"https:\/\/gobiernoparroquialdechican.gob.ec\/azuay\/instituciones\/\"},\"author\":{\"name\":\"agobiernoparroquialdechican\",\"@id\":\"https:\/\/gobiernoparroquialdechican.gob.ec\/azuay\/#\/schema\/person\/37c2deda1690697df1d7791959a3a1a8\"},\"headline\":\"INSTITUCIONES P\u00daBLICAS.\",\"datePublished\":\"2017-03-24T19:21:00+00:00\",\"dateModified\":\"2023-05-25T14:30:16+00:00\",\"mainEntityOfPage\":{\"@id\":\"https:\/\/gobiernoparroquialdechican.gob.ec\/azuay\/instituciones\/\"},\"wordCount\":35,\"inLanguage\":\"es\"},{\"@type\":\"WebPage\",\"@id\":\"https:\/\/gobiernoparroquialdechican.gob.ec\/azuay\/instituciones\/\",\"url\":\"https:\/\/gobiernoparroquialdechican.gob.ec\/azuay\/instituciones\/\",\"name\":\"INSTITUCIONES P\u00daBLICAS. - GAD parroquial Chic\u00e1n\",\"isPartOf\":{\"@id\":\"https:\/\/gobiernoparroquialdechican.gob.ec\/azuay\/#website\"},\"datePublished\":\"2017-03-24T19:21:00+00:00\",\"dateModified\":\"2023-05-25T14:30:16+00:00\",\"author\":{\"@id\":\"https:\/\/gobiernoparroquialdechican.gob.ec\/azuay\/#\/schema\/person\/37c2deda1690697df1d7791959a3a1a8\"},\"breadcrumb\":{\"@id\":\"https:\/\/gobiernoparroquialdechican.gob.ec\/azuay\/instituciones\/#breadcrumb\"},\"inLanguage\":\"es\",\"potentialAction\":[{\"@type\":\"ReadAction\",\"target\":[\"https:\/\/gobiernoparroquialdechican.gob.ec\/azuay\/instituciones\/\"]}]},{\"@type\":\"BreadcrumbList\",\"@id\":\"https:\/\/gobiernoparroquialdechican.gob.ec\/azuay\/instituciones\/#breadcrumb\",\"itemListElement\":[{\"@type\":\"ListItem\",\"position\":1,\"name\":\"Home\",\"item\":\"https:\/\/gobiernoparroquialdechican.gob.ec\/azuay\/\"},{\"@type\":\"ListItem\",\"position\":2,\"name\":\"INSTITUCIONES P\u00daBLICAS.\"}]},{\"@type\":\"WebSite\",\"@id\":\"https:\/\/gobiernoparroquialdechican.gob.ec\/azuay\/#website\",\"url\":\"https:\/\/gobiernoparroquialdechican.gob.ec\/azuay\/\",\"name\":\"GAD parroquial Chic\u00e1n\",\"description\":\"Sitio Oficial del GAD Parroquial Chic\u00e1n Azuay\",\"potentialAction\":[{\"@type\":\"SearchAction\",\"target\":{\"@type\":\"EntryPoint\",\"urlTemplate\":\"https:\/\/gobiernoparroquialdechican.gob.ec\/azuay\/?s={search_term_string}\"},\"query-input\":{\"@type\":\"PropertyValueSpecification\",\"valueRequired\":true,\"valueName\":\"search_term_string\"}}],\"inLanguage\":\"es\"},{\"@type\":\"Person\",\"@id\":\"https:\/\/gobiernoparroquialdechican.gob.ec\/azuay\/#\/schema\/person\/37c2deda1690697df1d7791959a3a1a8\",\"name\":\"agobiernoparroquialdechican\",\"image\":{\"@type\":\"ImageObject\",\"inLanguage\":\"es\",\"@id\":\"https:\/\/gobiernoparroquialdechican.gob.ec\/azuay\/#\/schema\/person\/image\/\",\"url\":\"https:\/\/secure.gravatar.com\/avatar\/b7ceb8d4252728c0b1d1cd3b9cad0763b9c634e606648daa884e5ee6d60d6ebc?s=96&d=mm&r=g\",\"contentUrl\":\"https:\/\/secure.gravatar.com\/avatar\/b7ceb8d4252728c0b1d1cd3b9cad0763b9c634e606648daa884e5ee6d60d6ebc?s=96&d=mm&r=g\",\"caption\":\"agobiernoparroquialdechican\"},\"url\":\"https:\/\/gobiernoparroquialdechican.gob.ec\/azuay\/author\/agobiernoparroquialdechican\/\"}]}<\/script>\n<!-- \/ Yoast SEO plugin. -->","yoast_head_json":{"title":"INSTITUCIONES P\u00daBLICAS. - GAD parroquial Chic\u00e1n","robots":{"index":"index","follow":"follow","max-snippet":"max-snippet:-1","max-image-preview":"max-image-preview:large","max-video-preview":"max-video-preview:-1"},"canonical":"https:\/\/gobiernoparroquialdechican.gob.ec\/azuay\/instituciones\/","og_locale":"es_ES","og_type":"article","og_title":"INSTITUCIONES P\u00daBLICAS. - GAD parroquial Chic\u00e1n","og_description":"GOBIERNO PARROQUIAL DE CHIC\u00c1N ADMINISTRACI\u00d3N 2023-2027 \u00a0 PRESIDENTE: Dany Xavier Tapia Figueroa TEL\u00c9FONO: (07) 2125002 \u00a0 Correo: tapiaf_23_1988@hotmail.es Contacto: 0985047765 VICEPRESIDENTA: Lourdes Cecilia Cuji C\u00e1rdenas Correo: ceci_cuji@hotmail.com Contacto: 0995308011 \u00a0 PRIMER VOCAL:Luis Olmedo Guachun Macas Correo: olmedoguachun87@gmail.com Contacto: 0979052560 \u00a0SEGUNDA VOCAL: Tania Katherine Arizaga Piedra Correo: katherine.95ap@gmail.com Contacto: 0989436046 TERCER VOCAL: Wilson Alejandro Naula Viri [&hellip;]","og_url":"https:\/\/gobiernoparroquialdechican.gob.ec\/azuay\/instituciones\/","og_site_name":"GAD parroquial Chic\u00e1n","article_published_time":"2017-03-24T19:21:00+00:00","article_modified_time":"2023-05-25T14:30:16+00:00","author":"agobiernoparroquialdechican","twitter_card":"summary_large_image","twitter_misc":{"Escrito por":"agobiernoparroquialdechican","Tiempo de lectura":"1 minuto"},"schema":{"@context":"https:\/\/schema.org","@graph":[{"@type":"Article","@id":"https:\/\/gobiernoparroquialdechican.gob.ec\/azuay\/instituciones\/#article","isPartOf":{"@id":"https:\/\/gobiernoparroquialdechican.gob.ec\/azuay\/instituciones\/"},"author":{"name":"agobiernoparroquialdechican","@id":"https:\/\/gobiernoparroquialdechican.gob.ec\/azuay\/#\/schema\/person\/37c2deda1690697df1d7791959a3a1a8"},"headline":"INSTITUCIONES P\u00daBLICAS.","datePublished":"2017-03-24T19:21:00+00:00","dateModified":"2023-05-25T14:30:16+00:00","mainEntityOfPage":{"@id":"https:\/\/gobiernoparroquialdechican.gob.ec\/azuay\/instituciones\/"},"wordCount":35,"inLanguage":"es"},{"@type":"WebPage","@id":"https:\/\/gobiernoparroquialdechican.gob.ec\/azuay\/instituciones\/","url":"https:\/\/gobiernoparroquialdechican.gob.ec\/azuay\/instituciones\/","name":"INSTITUCIONES P\u00daBLICAS. - GAD parroquial Chic\u00e1n","isPartOf":{"@id":"https:\/\/gobiernoparroquialdechican.gob.ec\/azuay\/#website"},"datePublished":"2017-03-24T19:21:00+00:00","dateModified":"2023-05-25T14:30:16+00:00","author":{"@id":"https:\/\/gobiernoparroquialdechican.gob.ec\/azuay\/#\/schema\/person\/37c2deda1690697df1d7791959a3a1a8"},"breadcrumb":{"@id":"https:\/\/gobiernoparroquialdechican.gob.ec\/azuay\/instituciones\/#breadcrumb"},"inLanguage":"es","potentialAction":[{"@type":"ReadAction","target":["https:\/\/gobiernoparroquialdechican.gob.ec\/azuay\/instituciones\/"]}]},{"@type":"BreadcrumbList","@id":"https:\/\/gobiernoparroquialdechican.gob.ec\/azuay\/instituciones\/#breadcrumb","itemListElement":[{"@type":"ListItem","position":1,"name":"Home","item":"https:\/\/gobiernoparroquialdechican.gob.ec\/azuay\/"},{"@type":"ListItem","position":2,"name":"INSTITUCIONES P\u00daBLICAS."}]},{"@type":"WebSite","@id":"https:\/\/gobiernoparroquialdechican.gob.ec\/azuay\/#website","url":"https:\/\/gobiernoparroquialdechican.gob.ec\/azuay\/","name":"GAD parroquial Chic\u00e1n","description":"Sitio Oficial del GAD Parroquial Chic\u00e1n Azuay","potentialAction":[{"@type":"SearchAction","target":{"@type":"EntryPoint","urlTemplate":"https:\/\/gobiernoparroquialdechican.gob.ec\/azuay\/?s={search_term_string}"},"query-input":{"@type":"PropertyValueSpecification","valueRequired":true,"valueName":"search_term_string"}}],"inLanguage":"es"},{"@type":"Person","@id":"https:\/\/gobiernoparroquialdechican.gob.ec\/azuay\/#\/schema\/person\/37c2deda1690697df1d7791959a3a1a8","name":"agobiernoparroquialdechican","image":{"@type":"ImageObject","inLanguage":"es","@id":"https:\/\/gobiernoparroquialdechican.gob.ec\/azuay\/#\/schema\/person\/image\/","url":"https:\/\/secure.gravatar.com\/avatar\/b7ceb8d4252728c0b1d1cd3b9cad0763b9c634e606648daa884e5ee6d60d6ebc?s=96&d=mm&r=g","contentUrl":"https:\/\/secure.gravatar.com\/avatar\/b7ceb8d4252728c0b1d1cd3b9cad0763b9c634e606648daa884e5ee6d60d6ebc?s=96&d=mm&r=g","caption":"agobiernoparroquialdechican"},"url":"https:\/\/gobiernoparroquialdechican.gob.ec\/azuay\/author\/agobiernoparroquialdechican\/"}]}},"_links":{"self":[{"href":"https:\/\/gobiernoparroquialdechican.gob.ec\/azuay\/wp-json\/wp\/v2\/posts\/104","targetHints":{"allow":["GET"]}}],"collection":[{"href":"https:\/\/gobiernoparroquialdechican.gob.ec\/azuay\/wp-json\/wp\/v2\/posts"}],"about":[{"href":"https:\/\/gobiernoparroquialdechican.gob.ec\/azuay\/wp-json\/wp\/v2\/types\/post"}],"author":[{"embeddable":true,"href":"https:\/\/gobiernoparroquialdechican.gob.ec\/azuay\/wp-json\/wp\/v2\/users\/8"}],"replies":[{"embeddable":true,"href":"https:\/\/gobiernoparroquialdechican.gob.ec\/azuay\/wp-json\/wp\/v2\/comments?post=104"}],"version-history":[{"count":10,"href":"https:\/\/gobiernoparroquialdechican.gob.ec\/azuay\/wp-json\/wp\/v2\/posts\/104\/revisions"}],"predecessor-version":[{"id":1544,"href":"https:\/\/gobiernoparroquialdechican.gob.ec\/azuay\/wp-json\/wp\/v2\/posts\/104\/revisions\/1544"}],"wp:attachment":[{"href":"https:\/\/gobiernoparroquialdechican.gob.ec\/azuay\/wp-json\/wp\/v2\/media?parent=104"}],"wp:term":[{"taxonomy":"category","embeddable":true,"href":"https:\/\/gobiernoparroquialdechican.gob.ec\/azuay\/wp-json\/wp\/v2\/categories?post=104"},{"taxonomy":"post_tag","embeddable":true,"href":"https:\/\/gobiernoparroquialdechican.gob.ec\/azuay\/wp-json\/wp\/v2\/tags?post=104"}],"curies":[{"name":"wp","href":"https:\/\/api.w.org\/{rel}","templated":true}]}}